{"id":4304,"date":"2025-04-29T07:57:08","date_gmt":"2025-04-29T05:57:08","guid":{"rendered":"https:\/\/ajmonnet.eu\/?p=4304"},"modified":"2025-07-29T11:46:20","modified_gmt":"2025-07-29T09:46:20","slug":"appel-a-la-mobilisation-populaire-partout-en-france-et-en-europe-autour-du-8-mai-2025","status":"publish","type":"post","link":"https:\/\/ajmonnet.eu\/uk\/appel-a-la-mobilisation-populaire-partout-en-france-et-en-europe-autour-du-8-mai-2025\/","title":{"rendered":"\u0417\u0430\u043a\u043b\u0438\u043a \u0434\u043e \u043d\u0430\u0440\u043e\u0434\u043d\u043e\u0457 \u043c\u043e\u0431\u0456\u043b\u0456\u0437\u0430\u0446\u0456\u0457 \u043f\u043e \u0432\u0441\u0456\u0439 \u0424\u0440\u0430\u043d\u0446\u0456\u0457 \u0442\u0430 \u0404\u0432\u0440\u043e\u043f\u0456 8 \u0442\u0440\u0430\u0432\u043d\u044f 2025 \u0440\u043e\u043a\u0443"},"content":{"rendered":"<p>80 \u0440\u043e\u043a\u0456\u0432 \u0442\u043e\u043c\u0443 \u0454\u0432\u0440\u043e\u043f\u0435\u0439\u0446\u0456 \u0441\u0432\u044f\u0442\u043a\u0443\u0432\u0430\u043b\u0438 \u043f\u0435\u0440\u0435\u043c\u043e\u0433\u0443 \u043d\u0430\u0434 \u0444\u0430\u0448\u0438\u0437\u043c\u043e\u043c \u0456 \u043d\u0430\u0446\u0438\u0437\u043c\u043e\u043c \u0432 \u0404\u0432\u0440\u043e\u043f\u0456. \u0423 \u0446\u044e 80-\u0442\u0443 \u0440\u0456\u0447\u043d\u0438\u0446\u044e \u043c\u0438 \u044f\u043a \u043d\u0456\u043a\u043e\u043b\u0438 \u0445\u043e\u0447\u0435\u043c\u043e \u0437\u0431\u0435\u0440\u0435\u0433\u0442\u0438 \u0432\u0456\u043b\u044c\u043d\u0443 \u0442\u0430 \u043e\u0431'\u0454\u0434\u043d\u0430\u043d\u0443 \u0404\u0432\u0440\u043e\u043f\u0443, \u044f\u043a\u0443 \u043c\u0438 \u0443\u0441\u043f\u0430\u0434\u043a\u0443\u0432\u0430\u043b\u0438, \u0456 \u044f\u043a\u0430 \u0437\u0430\u0440\u0430\u0437 \u043f\u0435\u0440\u0435\u0431\u0443\u0432\u0430\u0454 \u043f\u0456\u0434 \u0437\u0430\u0433\u0440\u043e\u0437\u043e\u044e.&nbsp;<\/p>\n\n\n\n<p>\u041d\u0430 \u043e\u0441\u043d\u043e\u0432\u0456 \u0446\u044c\u043e\u0433\u043e \u0434\u043e\u0441\u0432\u0456\u0434\u0443 \u0432\u0456\u0439\u043d\u0438 \u0442\u0430 \u0437\u043b\u043e\u0447\u0438\u043d\u0456\u0432 \u0442\u043e\u0442\u0430\u043b\u0456\u0442\u0430\u0440\u043d\u0438\u0445 \u0440\u0435\u0436\u0438\u043c\u0456\u0432 \u0447\u043e\u043b\u043e\u0432\u0456\u043a\u0438 \u0442\u0430 \u0436\u0456\u043d\u043a\u0438 \u043f\u0456\u0441\u043b\u044f \u0414\u0440\u0443\u0433\u043e\u0457 \u0441\u0432\u0456\u0442\u043e\u0432\u043e\u0457 \u0432\u0456\u0439\u043d\u0438 \u0440\u043e\u0437\u0440\u043e\u0431\u0438\u043b\u0438 \u0440\u0456\u0448\u0443\u0447\u0456 \u0442\u0430 \u0430\u043c\u0431\u0456\u0442\u043d\u0456 \u043f\u043b\u0430\u043d\u0438, \u0449\u043e\u0431 \u0443\u043d\u0435\u043c\u043e\u0436\u043b\u0438\u0432\u0438\u0442\u0438 \u0432\u0456\u0439\u043d\u0443 \u0432 \u0404\u0432\u0440\u043e\u043f\u0456 \u0442\u0430 \u0432 \u0443\u0441\u044c\u043e\u043c\u0443 \u0441\u0432\u0456\u0442\u0456. \u0429\u043e\u0431 \u043f\u043e\u0434\u043e\u043b\u0430\u0442\u0438 \u0435\u043d\u0434\u0435\u043c\u0456\u0447\u043d\u0438\u0439 \u0441\u0442\u0430\u043d \u0432\u0456\u0439\u043d\u0438 \u0432 \u0404\u0432\u0440\u043e\u043f\u0456 \u0442\u0430 \u0441\u0432\u0456\u0442\u0456, \u043d\u0430\u0448\u0456 \u043f\u043e\u043f\u0435\u0440\u0435\u0434\u043d\u0438\u043a\u0438 \u043f\u043e\u0431\u0443\u0434\u0443\u0432\u0430\u043b\u0438 \u043c\u0456\u0436\u043d\u0430\u0440\u043e\u0434\u043d\u0438\u0439 \u043f\u043e\u0440\u044f\u0434\u043e\u043a, \u0437\u0430\u0441\u043d\u043e\u0432\u0430\u043d\u0438\u0439 \u043d\u0430 \u043f\u0440\u0430\u0432\u0456, \u0433\u0430\u0440\u0430\u043d\u0442\u043e\u0432\u0430\u043d\u043e\u043c\u0443 \u043c\u0456\u0436\u043d\u0430\u0440\u043e\u0434\u043d\u0438\u043c\u0438 \u0456\u043d\u0441\u0442\u0438\u0442\u0443\u0446\u0456\u044f\u043c\u0438; \u0432\u043e\u043d\u0438 \u043f\u0456\u0434\u043d\u0435\u0441\u043b\u0438 \u043b\u044e\u0434\u0441\u044c\u043a\u0443 \u0433\u0456\u0434\u043d\u0456\u0441\u0442\u044c \u0456 \u043f\u0440\u0430\u0432\u0430 \u043b\u044e\u0434\u0438\u043d\u0438 \u043d\u0430\u0434 \u0441\u0443\u0432\u0435\u0440\u0435\u043d\u043d\u0438\u043c\u0438 \u043f\u043e\u0432\u043d\u043e\u0432\u0430\u0436\u0435\u043d\u043d\u044f\u043c\u0438 \u0434\u0435\u0440\u0436\u0430\u0432, \u0449\u043e\u0431 \u0433\u0430\u0440\u0430\u043d\u0442\u0443\u0432\u0430\u0442\u0438, \u0449\u043e \u0446\u0456 \u0436\u0430\u0445\u0438 \u043d\u0456\u043a\u043e\u043b\u0438 \u043d\u0435 \u043f\u043e\u0432\u0442\u043e\u0440\u044f\u0442\u044c\u0441\u044f; \u0432\u043e\u043d\u0438 \u0441\u0444\u043e\u0440\u043c\u0443\u0432\u0430\u043b\u0438 \u043d\u0430\u0448\u0456 \u043b\u0456\u0431\u0435\u0440\u0430\u043b\u044c\u043d\u0456 \u0434\u0435\u043c\u043e\u043a\u0440\u0430\u0442\u0456\u0457 \u0442\u0430 \u043d\u0430\u0448\u0456 \u043c\u043e\u0434\u0435\u043b\u0456 \u0441\u043e\u0446\u0456\u0430\u043b\u044c\u043d\u043e\u0433\u043e \u0437\u0430\u0445\u0438\u0441\u0442\u0443; \u0432\u043e\u043d\u0438 \u043e\u0431'\u0454\u0434\u043d\u0430\u043b\u0438 \u0404\u0432\u0440\u043e\u043f\u0443 \u043d\u0430\u0432\u043a\u043e\u043b\u043e \u0446\u0438\u0445 \u043f\u0440\u0438\u043d\u0446\u0438\u043f\u0456\u0432 \u0456 \u0446\u0438\u0445 \u043f\u0440\u0430\u0432. \u0426\u0435 \u043f\u0440\u043e\u0435\u043a\u0442, \u044f\u043a\u0438\u0439 \u0441\u0442\u0430\u0432 \u043f\u043e\u0447\u0430\u0442\u043a\u043e\u043c \u0404\u0432\u0440\u043e\u043f\u0435\u0439\u0441\u044c\u043a\u043e\u0433\u043e \u0421\u043e\u044e\u0437\u0443, \u044f\u043a\u0438\u0439 \u043c\u0438 \u0437\u043d\u0430\u0454\u043c\u043e \u0441\u044c\u043e\u0433\u043e\u0434\u043d\u0456, \u0456 \u044f\u043a\u0438\u0439 \u043f\u043e\u0434\u0430\u0440\u0443\u0432\u0430\u0432 \u043d\u0430\u043c \u0432\u0456\u0441\u0456\u043c\u0434\u0435\u0441\u044f\u0442 \u0440\u043e\u043a\u0456\u0432 \u043c\u0438\u0440\u0443 \u0432 \u0439\u043e\u0433\u043e \u043c\u0435\u0436\u0430\u0445. \u041c\u0438 \u0454 \u0439\u043e\u0433\u043e \u0441\u043f\u0430\u0434\u043a\u043e\u0454\u043c\u0446\u044f\u043c\u0438, \u0456 \u043d\u0430\u0448 \u043e\u0431\u043e\u0432'\u044f\u0437\u043e\u043a - \u043f\u0435\u0440\u0435\u0434\u0430\u0442\u0438 \u0446\u044e \u0441\u043f\u0430\u0434\u0449\u0438\u043d\u0443 \u0443 \u0441\u0432\u043e\u044e \u0447\u0435\u0440\u0433\u0443.<\/p>\n\n\n\n<p>\u0417\u043d\u043e\u0432\u0443 \u0437\u0456\u0442\u043a\u043d\u0443\u0432\u0448\u0438\u0441\u044c \u0437 \u043d\u0430\u0446\u0456\u043e\u043d\u0430\u043b\u0456\u0441\u0442\u0438\u0447\u043d\u043e\u044e \u0440\u0438\u0442\u043e\u0440\u0438\u043a\u043e\u044e, \u043f\u043e\u0433\u0440\u043e\u0437\u0430\u043c\u0438 \u0442\u0430 \u0456\u043c\u043f\u0435\u0440\u0456\u0430\u043b\u0456\u0441\u0442\u0438\u0447\u043d\u0438\u043c\u0438 \u0432\u0456\u0439\u043d\u0430\u043c\u0438 \u0432 \u0404\u0432\u0440\u043e\u043f\u0456 \u0442\u0430 \u0432 \u0443\u0441\u044c\u043e\u043c\u0443 \u0441\u0432\u0456\u0442\u0456, \u0431\u0435\u0437\u043f\u0440\u0435\u0446\u0435\u0434\u0435\u043d\u0442\u043d\u0438\u043c\u0438 \u0437 \u0447\u0430\u0441\u0456\u0432 \u0414\u0440\u0443\u0433\u043e\u0457 \u0441\u0432\u0456\u0442\u043e\u0432\u043e\u0457 \u0432\u0456\u0439\u043d\u0438, \u0441\u044c\u043e\u0433\u043e\u0434\u043d\u0456 \u043c\u0438 \u0445\u043e\u0447\u0435\u043c\u043e \u0447\u0438\u043d\u0438\u0442\u0438 \u043e\u043f\u0456\u0440 \u0456 \u0434\u0456\u044f\u0442\u0438, \u0449\u043e\u0431 \u0437\u0430\u0445\u0438\u0441\u0442\u0438\u0442\u0438 \u043e\u0441\u043d\u043e\u0432\u0438 \u043c\u0438\u0440\u0443, \u0434\u0435\u043c\u043e\u043a\u0440\u0430\u0442\u0456\u0457, \u043f\u0440\u0430\u0432 \u0442\u0430 \u0454\u0432\u0440\u043e\u043f\u0435\u0439\u0441\u044c\u043a\u043e\u0457 \u0454\u0434\u043d\u043e\u0441\u0442\u0456, \u044f\u043a\u0456 \u043c\u0438 \u0434\u043e\u043f\u043e\u043c\u043e\u0433\u043b\u0438 \u043f\u043e\u0431\u0443\u0434\u0443\u0432\u0430\u0442\u0438 \u0442\u0430 \u0432\u0442\u0456\u043b\u0438\u0442\u0438 \u0432 \u0436\u0438\u0442\u0442\u044f. \u041c\u0438 \u0445\u043e\u0447\u0435\u043c\u043e \u0449\u0435 \u0440\u0430\u0437 \u0437\u0430\u044f\u0432\u0438\u0442\u0438 \u043f\u0440\u043e \u043d\u0430\u0448\u0443 \u043f\u0456\u0434\u0442\u0440\u0438\u043c\u043a\u0443 \u0443\u043a\u0440\u0430\u0457\u043d\u0441\u044c\u043a\u043e\u0433\u043e \u043d\u0430\u0440\u043e\u0434\u0443, \u044f\u043a\u0438\u0439 \u043f\u043e\u0434\u0456\u043b\u044f\u0454 \u0446\u0456 \u0446\u0456\u043d\u043d\u043e\u0441\u0442\u0456 \u0456 \u0447\u0438\u043d\u0438\u0442\u044c \u043e\u043f\u0456\u0440, \u0449\u043e\u0431 \u0437\u0434\u043e\u0431\u0443\u0442\u0438 \u043c\u0438\u0440 \u0456 \u0431\u0435\u0437\u043f\u0435\u043a\u0443.<\/p>\n\n\n\n<p>\u041f\u0440\u043e\u0435\u043a\u0442 \u043c\u0438\u0440\u0443, \u0441\u0432\u043e\u0431\u043e\u0434\u0438 \u0456 \u0434\u0435\u043c\u043e\u043a\u0440\u0430\u0442\u0456\u0457, \u0440\u0456\u0432\u043d\u043e\u0441\u0442\u0456 \u0456 \u0441\u043e\u043b\u0456\u0434\u0430\u0440\u043d\u043e\u0441\u0442\u0456, \u043f\u043e\u0432\u0430\u0433\u0438 \u0434\u043e \u043a\u043e\u0436\u043d\u043e\u0457 \u043b\u044e\u0434\u0438\u043d\u0438 \u0456 \u0441\u044c\u043e\u0433\u043e\u0434\u043d\u0456 \u0454 \u043d\u0430\u0434\u0456\u0439\u043d\u043e\u044e \u043c\u043e\u0434\u0435\u043b\u043b\u044e \u0434\u043b\u044f \u043e\u0431'\u0454\u0434\u043d\u0430\u043d\u043d\u044f \u0404\u0432\u0440\u043e\u043f\u0438 \u0456 \u0443\u043c\u0438\u0440\u043e\u0442\u0432\u043e\u0440\u0435\u043d\u043d\u044f \u0441\u0432\u0456\u0442\u0443. \u0412\u0456\u043d \u0454 \u0430\u043b\u044c\u0442\u0435\u0440\u043d\u0430\u0442\u0438\u0432\u043e\u044e \u043d\u0430\u0446\u0456\u043e\u043d\u0430\u043b-\u043f\u043e\u043f\u0443\u043b\u0456\u0437\u043c\u0443 \u0442\u0430 \u043d\u043e\u0432\u0438\u043c \u0456\u043c\u043f\u0435\u0440\u0456\u0430\u043b\u0456\u0437\u043c\u0430\u043c, \u044f\u043a\u0456 \u0437\u0440\u043e\u0441\u0442\u0430\u044e\u0442\u044c \u0432 \u0404\u0432\u0440\u043e\u043f\u0456 \u0442\u0430 \u0432 \u0443\u0441\u044c\u043e\u043c\u0443 \u0441\u0432\u0456\u0442\u0456.<\/p>\n\n\n\n<p>\u041e\u0441\u044c \u0447\u043e\u043c\u0443 \u043c\u0438 \u0437\u0431\u0438\u0440\u0430\u0454\u043c\u043e\u0441\u044f \u0440\u0430\u0437\u043e\u043c \u043f\u043e \u0432\u0441\u0456\u0439 \u0424\u0440\u0430\u043d\u0446\u0456\u0457 \u0442\u0430 \u0404\u0432\u0440\u043e\u043f\u0456 8 \u0442\u0430 9 \u0442\u0440\u0430\u0432\u043d\u044f 2025 \u0440\u043e\u043a\u0443, \u0449\u043e\u0431 \u043f\u0456\u0434\u0442\u0432\u0435\u0440\u0434\u0438\u0442\u0438 \u043d\u0430\u0448\u0443 \u0432\u0456\u0434\u0434\u0430\u043d\u0456\u0441\u0442\u044c \u043c\u0438\u0440\u0443 \u0442\u0430 \u0434\u0435\u043c\u043e\u043a\u0440\u0430\u0442\u0456\u0457 \u0437\u0430\u0440\u0430\u0434\u0438 \u0432\u0456\u043b\u044c\u043d\u043e\u0457 \u0442\u0430 \u043e\u0431'\u0454\u0434\u043d\u0430\u043d\u043e\u0457 \u0404\u0432\u0440\u043e\u043f\u0438.<\/p>\n\n\n\n<p><strong>\u041d\u0430\u0446\u0456\u043e\u043d\u0430\u043b\u044c\u043d\u0456 \u043e\u0440\u0433\u0430\u043d\u0456\u0437\u0430\u0446\u0456\u0457-\u043f\u0456\u0434\u043f\u0438\u0441\u0430\u043d\u0442\u0438<\/strong><\/p>\n\n\n\n<ul class=\"wp-block-list\">\n<li>\u0404\u0432\u0440\u043e\u043f\u0435\u0439\u0441\u044c\u043a\u0438\u0439 \u0440\u0443\u0445 - \u0424\u0440\u0430\u043d\u0446\u0456\u044f \u0442\u0430 \u0439\u043e\u0433\u043e \u043c\u0456\u0441\u0446\u0435\u0432\u0456 \u043e\u0441\u0435\u0440\u0435\u0434\u043a\u0438<\/li>\n\n\n\n<li>\u0410\u0441\u043e\u0446\u0456\u0430\u0446\u0456\u044f \u0416\u0430\u043d\u0430 \u041c\u043e\u043d\u0435<\/li>\n\n\n\n<li>\u041c\u043e\u043b\u043e\u0434\u0456 \u0454\u0432\u0440\u043e\u043f\u0435\u0439\u0446\u0456 - \u0424\u0440\u0430\u043d\u0446\u0456\u044f \u0442\u0430 \u0457\u0457 \u043c\u0456\u0441\u0446\u0435\u0432\u0456 \u0441\u0435\u043a\u0446\u0456\u0457<\/li>\n\n\n\n<li>\u0421\u043e\u044e\u0437 \u0454\u0432\u0440\u043e\u043f\u0435\u0439\u0441\u044c\u043a\u0438\u0445 \u0444\u0435\u0434\u0435\u0440\u0430\u043b\u0456\u0441\u0442\u0456\u0432 \u0424\u0440\u0430\u043d\u0446\u0456\u044f \u0442\u0430 \u0439\u043e\u0433\u043e \u043c\u0456\u0441\u0446\u0435\u0432\u0456 \u0432\u0456\u0434\u0434\u0456\u043b\u0435\u043d\u043d\u044f<\/li>\n\n\n\n<li>\u0424\u0440\u0430\u043d\u0446\u0443\u0437\u044c\u043a\u0430 \u0444\u0435\u0434\u0435\u0440\u0430\u0446\u0456\u044f \u0414\u043e\u043c\u0456\u0432 \u0404\u0432\u0440\u043e\u043f\u0438 \u0442\u0430 \u043a\u0456\u043b\u044c\u043a\u0430 \u0414\u043e\u043c\u0456\u0432 \u0404\u0432\u0440\u043e\u043f\u0438<\/li>\n\n\n\n<li>\u0404\u0432\u0440\u043e\u0440\u0430\u0434\u0456\u043e<\/li>\n\n\n\n<li>\u0424\u043e\u043d\u0434 \"\u0413\u0456\u043f\u043f\u043e\u043a\u0440\u0435\u0439\u043d<\/li>\n\n\n\n<li>\u0404\u0432\u0440\u043e\u043f\u0435\u0439\u0441\u044c\u043a\u0438\u0439 \u043a\u0443\u043b\u044c\u0442\u0443\u0440\u043d\u0438\u0439 \u0446\u0435\u043d\u0442\u0440<\/li>\n\n\n\n<li>EuropaNova<\/li>\n\n\n\n<li>FAGE - \u0424\u0435\u0434\u0435\u0440\u0430\u0446\u0456\u044f \u0437\u0430\u0433\u0430\u043b\u044c\u043d\u0438\u0445 \u0441\u0442\u0443\u0434\u0435\u043d\u0442\u0441\u044c\u043a\u0438\u0445 \u0430\u0441\u043e\u0446\u0456\u0430\u0446\u0456\u0439<\/li>\n\n\n\n<li>ARES - \u041d\u0430\u0446\u0456\u043e\u043d\u0430\u043b\u044c\u043d\u0430 \u0444\u0435\u0434\u0435\u0440\u0430\u0446\u0456\u044f \u0430\u0441\u043e\u0446\u0456\u0430\u0446\u0456\u0439, \u0449\u043e \u043f\u0440\u0435\u0434\u0441\u0442\u0430\u0432\u043b\u044f\u044e\u0442\u044c \u0441\u0442\u0443\u0434\u0435\u043d\u0442\u0456\u0432 \u0441\u043e\u0446\u0456\u0430\u043b\u044c\u043d\u0438\u0445 \u043d\u0430\u0443\u043a<\/li>\n\n\n\n<li>Le Droit Humain France<\/li>\n<\/ul>\n\n\n\n<div class=\"wp-block-buttons is-layout-flex wp-block-buttons-is-layout-flex\">\n<div class=\"wp-block-button\"><a class=\"wp-block-button__link has-vivid-cyan-blue-background-color has-background wp-element-button\" href=\"https:\/\/mouvement-europeen.eu\/resister-pour-une-europe-libre-et-unie\/\">\u041f\u0456\u0434\u043f\u0438\u0448\u0456\u0442\u044c \u0437\u0430\u043a\u043b\u0438\u043a \u0434\u043e \u0434\u0456\u0457<\/a><\/div>\n<\/div>","protected":false},"excerpt":{"rendered":"<p>Il y a 80 ans, les Europ\u00e9ens c\u00e9l\u00e9braient la victoire sur le fascisme et le nazisme en Europe. En ce 80e anniversaire, nous voulons plus que jamais pr\u00e9server l\u2019Europe libre et unie dont nous avons h\u00e9rit\u00e9e, et que nous voyons aujourd\u2019hui menac\u00e9e.&nbsp; De cette exp\u00e9rience de la guerre et des crimes des r\u00e9gimes totalitaires, des [&hellip;]<\/p>\n","protected":false},"author":4,"featured_media":4305,"comment_status":"closed","ping_status":"open","sticky":false,"template":"","format":"standard","meta":{"_acf_changed":false,"footnotes":""},"categories":[31],"tags":[6],"class_list":["post-4304","post","type-post","status-publish","format-standard","has-post-thumbnail","hentry","category-actualite","tag-europe"],"acf":[],"yoast_head":"<!-- This site is optimized with the Yoast SEO plugin v27.4 - https:\/\/yoast.com\/product\/yoast-seo-wordpress\/ -->\n<title>Appel \u00e0 la mobilisation populaire partout en France et en Europe autour du 8 mai 2025 - Association Jean Monnet<\/title>\n<meta name=\"description\" content=\"Association Jean Monnet Actualit\u00e9 Appel \u00e0 la mobilisation populaire partout en France et en Europe autour du 8 mai 2025\" \/>\n<meta name=\"robots\" content=\"index, follow, max-snippet:-1, max-image-preview:large, max-video-preview:-1\" \/>\n<link rel=\"canonical\" href=\"https:\/\/ajmonnet.eu\/uk\/appel-a-la-mobilisation-populaire-partout-en-france-et-en-europe-autour-du-8-mai-2025\/\" \/>\n<meta property=\"og:locale\" content=\"uk_UA\" \/>\n<meta property=\"og:type\" content=\"article\" \/>\n<meta property=\"og:title\" content=\"Appel \u00e0 la mobilisation populaire partout en France et en Europe autour du 8 mai 2025 - Association Jean Monnet\" \/>\n<meta property=\"og:description\" content=\"Association Jean Monnet Actualit\u00e9 Appel \u00e0 la mobilisation populaire partout en France et en Europe autour du 8 mai 2025\" \/>\n<meta property=\"og:url\" content=\"https:\/\/ajmonnet.eu\/uk\/appel-a-la-mobilisation-populaire-partout-en-france-et-en-europe-autour-du-8-mai-2025\/\" \/>\n<meta property=\"og:site_name\" content=\"Association Jean Monnet\" \/>\n<meta property=\"article:publisher\" content=\"https:\/\/www.facebook.com\/associationjeanmonnet\" \/>\n<meta property=\"article:published_time\" content=\"2025-04-29T05:57:08+00:00\" \/>\n<meta property=\"article:modified_time\" content=\"2025-07-29T09:46:20+00:00\" \/>\n<meta property=\"og:image\" content=\"https:\/\/ajmonnet.eu\/wp-content\/uploads\/2025\/04\/373039154_711353301038905_8599807087571577275_n-e1744908923290.jpg\" \/>\n\t<meta property=\"og:image:width\" content=\"1080\" \/>\n\t<meta property=\"og:image:height\" content=\"690\" \/>\n\t<meta property=\"og:image:type\" content=\"image\/jpeg\" \/>\n<meta name=\"author\" content=\"Fabien Chevalier\" \/>\n<meta name=\"twitter:card\" content=\"summary_large_image\" \/>\n<meta name=\"twitter:creator\" content=\"@AJMonnet\" \/>\n<meta name=\"twitter:site\" content=\"@AJMonnet\" \/>\n<meta name=\"twitter:label1\" content=\"\u041d\u0430\u043f\u0438\u0441\u0430\u043d\u043e\" \/>\n\t<meta name=\"twitter:data1\" content=\"Fabien Chevalier\" \/>\n\t<meta name=\"twitter:label2\" content=\"\u041f\u0440\u0438\u0431\u043b. \u0447\u0430\u0441 \u0447\u0438\u0442\u0430\u043d\u043d\u044f\" \/>\n\t<meta name=\"twitter:data2\" content=\"3 \u0445\u0432\u0438\u043b\u0438\u043d\u0438\" \/>\n<script type=\"application\/ld+json\" class=\"yoast-schema-graph\">{\"@context\":\"https:\\\/\\\/schema.org\",\"@graph\":[{\"@type\":\"Article\",\"@id\":\"https:\\\/\\\/ajmonnet.eu\\\/appel-a-la-mobilisation-populaire-partout-en-france-et-en-europe-autour-du-8-mai-2025\\\/#article\",\"isPartOf\":{\"@id\":\"https:\\\/\\\/ajmonnet.eu\\\/appel-a-la-mobilisation-populaire-partout-en-france-et-en-europe-autour-du-8-mai-2025\\\/\"},\"author\":{\"name\":\"Fabien Chevalier\",\"@id\":\"https:\\\/\\\/ajmonnet.eu\\\/#\\\/schema\\\/person\\\/d75372ee9efa1f5270aae02e9a833f25\"},\"headline\":\"Appel \u00e0 la mobilisation populaire partout en France et en Europe autour du 8 mai 2025\",\"datePublished\":\"2025-04-29T05:57:08+00:00\",\"dateModified\":\"2025-07-29T09:46:20+00:00\",\"mainEntityOfPage\":{\"@id\":\"https:\\\/\\\/ajmonnet.eu\\\/appel-a-la-mobilisation-populaire-partout-en-france-et-en-europe-autour-du-8-mai-2025\\\/\"},\"wordCount\":519,\"publisher\":{\"@id\":\"https:\\\/\\\/ajmonnet.eu\\\/#organization\"},\"image\":{\"@id\":\"https:\\\/\\\/ajmonnet.eu\\\/appel-a-la-mobilisation-populaire-partout-en-france-et-en-europe-autour-du-8-mai-2025\\\/#primaryimage\"},\"thumbnailUrl\":\"https:\\\/\\\/ajmonnet.eu\\\/wp-content\\\/uploads\\\/2025\\\/04\\\/373039154_711353301038905_8599807087571577275_n-e1744908923290.jpg\",\"keywords\":[\"Europe\"],\"articleSection\":[\"Actualit\u00e9\"],\"inLanguage\":\"uk\"},{\"@type\":\"WebPage\",\"@id\":\"https:\\\/\\\/ajmonnet.eu\\\/appel-a-la-mobilisation-populaire-partout-en-france-et-en-europe-autour-du-8-mai-2025\\\/\",\"url\":\"https:\\\/\\\/ajmonnet.eu\\\/appel-a-la-mobilisation-populaire-partout-en-france-et-en-europe-autour-du-8-mai-2025\\\/\",\"name\":\"Appel \u00e0 la mobilisation populaire partout en France et en Europe autour du 8 mai 2025 - Association Jean Monnet\",\"isPartOf\":{\"@id\":\"https:\\\/\\\/ajmonnet.eu\\\/#website\"},\"primaryImageOfPage\":{\"@id\":\"https:\\\/\\\/ajmonnet.eu\\\/appel-a-la-mobilisation-populaire-partout-en-france-et-en-europe-autour-du-8-mai-2025\\\/#primaryimage\"},\"image\":{\"@id\":\"https:\\\/\\\/ajmonnet.eu\\\/appel-a-la-mobilisation-populaire-partout-en-france-et-en-europe-autour-du-8-mai-2025\\\/#primaryimage\"},\"thumbnailUrl\":\"https:\\\/\\\/ajmonnet.eu\\\/wp-content\\\/uploads\\\/2025\\\/04\\\/373039154_711353301038905_8599807087571577275_n-e1744908923290.jpg\",\"datePublished\":\"2025-04-29T05:57:08+00:00\",\"dateModified\":\"2025-07-29T09:46:20+00:00\",\"description\":\"Association Jean Monnet Actualit\u00e9 Appel \u00e0 la mobilisation populaire partout en France et en Europe autour du 8 mai 2025\",\"breadcrumb\":{\"@id\":\"https:\\\/\\\/ajmonnet.eu\\\/appel-a-la-mobilisation-populaire-partout-en-france-et-en-europe-autour-du-8-mai-2025\\\/#breadcrumb\"},\"inLanguage\":\"uk\",\"potentialAction\":[{\"@type\":\"ReadAction\",\"target\":[\"https:\\\/\\\/ajmonnet.eu\\\/appel-a-la-mobilisation-populaire-partout-en-france-et-en-europe-autour-du-8-mai-2025\\\/\"]}]},{\"@type\":\"ImageObject\",\"inLanguage\":\"uk\",\"@id\":\"https:\\\/\\\/ajmonnet.eu\\\/appel-a-la-mobilisation-populaire-partout-en-france-et-en-europe-autour-du-8-mai-2025\\\/#primaryimage\",\"url\":\"https:\\\/\\\/ajmonnet.eu\\\/wp-content\\\/uploads\\\/2025\\\/04\\\/373039154_711353301038905_8599807087571577275_n-e1744908923290.jpg\",\"contentUrl\":\"https:\\\/\\\/ajmonnet.eu\\\/wp-content\\\/uploads\\\/2025\\\/04\\\/373039154_711353301038905_8599807087571577275_n-e1744908923290.jpg\",\"width\":1080,\"height\":690},{\"@type\":\"BreadcrumbList\",\"@id\":\"https:\\\/\\\/ajmonnet.eu\\\/appel-a-la-mobilisation-populaire-partout-en-france-et-en-europe-autour-du-8-mai-2025\\\/#breadcrumb\",\"itemListElement\":[{\"@type\":\"ListItem\",\"position\":1,\"name\":\"Home\",\"item\":\"https:\\\/\\\/ajmonnet.eu\\\/\"},{\"@type\":\"ListItem\",\"position\":2,\"name\":\"Appel \u00e0 la mobilisation populaire partout en France et en Europe autour du 8 mai 2025\"}]},{\"@type\":\"WebSite\",\"@id\":\"https:\\\/\\\/ajmonnet.eu\\\/#website\",\"url\":\"https:\\\/\\\/ajmonnet.eu\\\/\",\"name\":\"Association Jean Monnet\",\"description\":\"Faire vivre au temps pr\u00e9sent les id\u00e9es europ\u00e9ennes de Jean Monnet\",\"publisher\":{\"@id\":\"https:\\\/\\\/ajmonnet.eu\\\/#organization\"},\"alternateName\":\"AJM\",\"potentialAction\":[{\"@type\":\"SearchAction\",\"target\":{\"@type\":\"EntryPoint\",\"urlTemplate\":\"https:\\\/\\\/ajmonnet.eu\\\/?s={search_term_string}\"},\"query-input\":{\"@type\":\"PropertyValueSpecification\",\"valueRequired\":true,\"valueName\":\"search_term_string\"}}],\"inLanguage\":\"uk\"},{\"@type\":\"Organization\",\"@id\":\"https:\\\/\\\/ajmonnet.eu\\\/#organization\",\"name\":\"ASSOCIATION JEAN MONNET\",\"alternateName\":\"AJM\",\"url\":\"https:\\\/\\\/ajmonnet.eu\\\/\",\"logo\":{\"@type\":\"ImageObject\",\"inLanguage\":\"uk\",\"@id\":\"https:\\\/\\\/ajmonnet.eu\\\/#\\\/schema\\\/logo\\\/image\\\/\",\"url\":\"https:\\\/\\\/ajmonnet.eu\\\/wp-content\\\/uploads\\\/2022\\\/04\\\/AJM-Logo-Color.png\",\"contentUrl\":\"https:\\\/\\\/ajmonnet.eu\\\/wp-content\\\/uploads\\\/2022\\\/04\\\/AJM-Logo-Color.png\",\"width\":386,\"height\":241,\"caption\":\"ASSOCIATION JEAN MONNET\"},\"image\":{\"@id\":\"https:\\\/\\\/ajmonnet.eu\\\/#\\\/schema\\\/logo\\\/image\\\/\"},\"sameAs\":[\"https:\\\/\\\/www.facebook.com\\\/associationjeanmonnet\",\"https:\\\/\\\/x.com\\\/AJMonnet\",\"https:\\\/\\\/www.linkedin.com\\\/company\\\/association-jean-monnet\",\"https:\\\/\\\/bsky.app\\\/profile\\\/ajeanmonnet.bsky.social\"]},{\"@type\":\"Person\",\"@id\":\"https:\\\/\\\/ajmonnet.eu\\\/#\\\/schema\\\/person\\\/d75372ee9efa1f5270aae02e9a833f25\",\"name\":\"Fabien Chevalier\",\"image\":{\"@type\":\"ImageObject\",\"inLanguage\":\"uk\",\"@id\":\"https:\\\/\\\/secure.gravatar.com\\\/avatar\\\/ef28d1335a652add1f9c6fafcff2220c35588481f5a058a85b1351c0cf3dadbe?s=96&d=mm&r=g\",\"url\":\"https:\\\/\\\/secure.gravatar.com\\\/avatar\\\/ef28d1335a652add1f9c6fafcff2220c35588481f5a058a85b1351c0cf3dadbe?s=96&d=mm&r=g\",\"contentUrl\":\"https:\\\/\\\/secure.gravatar.com\\\/avatar\\\/ef28d1335a652add1f9c6fafcff2220c35588481f5a058a85b1351c0cf3dadbe?s=96&d=mm&r=g\",\"caption\":\"Fabien Chevalier\"},\"url\":\"https:\\\/\\\/ajmonnet.eu\\\/uk\\\/author\\\/fabi-chev\\\/\"}]}<\/script>\n<!-- \/ Yoast SEO plugin. -->","yoast_head_json":{"title":"Appel \u00e0 la mobilisation populaire partout en France et en Europe autour du 8 mai 2025 - Association Jean Monnet","description":"Association Jean Monnet Actualit\u00e9 Appel \u00e0 la mobilisation populaire partout en France et en Europe autour du 8 mai 2025","robots":{"index":"index","follow":"follow","max-snippet":"max-snippet:-1","max-image-preview":"max-image-preview:large","max-video-preview":"max-video-preview:-1"},"canonical":"https:\/\/ajmonnet.eu\/uk\/appel-a-la-mobilisation-populaire-partout-en-france-et-en-europe-autour-du-8-mai-2025\/","og_locale":"uk_UA","og_type":"article","og_title":"Appel \u00e0 la mobilisation populaire partout en France et en Europe autour du 8 mai 2025 - Association Jean Monnet","og_description":"Association Jean Monnet Actualit\u00e9 Appel \u00e0 la mobilisation populaire partout en France et en Europe autour du 8 mai 2025","og_url":"https:\/\/ajmonnet.eu\/uk\/appel-a-la-mobilisation-populaire-partout-en-france-et-en-europe-autour-du-8-mai-2025\/","og_site_name":"Association Jean Monnet","article_publisher":"https:\/\/www.facebook.com\/associationjeanmonnet","article_published_time":"2025-04-29T05:57:08+00:00","article_modified_time":"2025-07-29T09:46:20+00:00","og_image":[{"width":1080,"height":690,"url":"https:\/\/ajmonnet.eu\/wp-content\/uploads\/2025\/04\/373039154_711353301038905_8599807087571577275_n-e1744908923290.jpg","type":"image\/jpeg"}],"author":"Fabien Chevalier","twitter_card":"summary_large_image","twitter_creator":"@AJMonnet","twitter_site":"@AJMonnet","twitter_misc":{"\u041d\u0430\u043f\u0438\u0441\u0430\u043d\u043e":"Fabien Chevalier","\u041f\u0440\u0438\u0431\u043b. \u0447\u0430\u0441 \u0447\u0438\u0442\u0430\u043d\u043d\u044f":"3 \u0445\u0432\u0438\u043b\u0438\u043d\u0438"},"schema":{"@context":"https:\/\/schema.org","@graph":[{"@type":"Article","@id":"https:\/\/ajmonnet.eu\/appel-a-la-mobilisation-populaire-partout-en-france-et-en-europe-autour-du-8-mai-2025\/#article","isPartOf":{"@id":"https:\/\/ajmonnet.eu\/appel-a-la-mobilisation-populaire-partout-en-france-et-en-europe-autour-du-8-mai-2025\/"},"author":{"name":"Fabien Chevalier","@id":"https:\/\/ajmonnet.eu\/#\/schema\/person\/d75372ee9efa1f5270aae02e9a833f25"},"headline":"Appel \u00e0 la mobilisation populaire partout en France et en Europe autour du 8 mai 2025","datePublished":"2025-04-29T05:57:08+00:00","dateModified":"2025-07-29T09:46:20+00:00","mainEntityOfPage":{"@id":"https:\/\/ajmonnet.eu\/appel-a-la-mobilisation-populaire-partout-en-france-et-en-europe-autour-du-8-mai-2025\/"},"wordCount":519,"publisher":{"@id":"https:\/\/ajmonnet.eu\/#organization"},"image":{"@id":"https:\/\/ajmonnet.eu\/appel-a-la-mobilisation-populaire-partout-en-france-et-en-europe-autour-du-8-mai-2025\/#primaryimage"},"thumbnailUrl":"https:\/\/ajmonnet.eu\/wp-content\/uploads\/2025\/04\/373039154_711353301038905_8599807087571577275_n-e1744908923290.jpg","keywords":["Europe"],"articleSection":["Actualit\u00e9"],"inLanguage":"uk"},{"@type":"WebPage","@id":"https:\/\/ajmonnet.eu\/appel-a-la-mobilisation-populaire-partout-en-france-et-en-europe-autour-du-8-mai-2025\/","url":"https:\/\/ajmonnet.eu\/appel-a-la-mobilisation-populaire-partout-en-france-et-en-europe-autour-du-8-mai-2025\/","name":"Appel \u00e0 la mobilisation populaire partout en France et en Europe autour du 8 mai 2025 - Association Jean Monnet","isPartOf":{"@id":"https:\/\/ajmonnet.eu\/#website"},"primaryImageOfPage":{"@id":"https:\/\/ajmonnet.eu\/appel-a-la-mobilisation-populaire-partout-en-france-et-en-europe-autour-du-8-mai-2025\/#primaryimage"},"image":{"@id":"https:\/\/ajmonnet.eu\/appel-a-la-mobilisation-populaire-partout-en-france-et-en-europe-autour-du-8-mai-2025\/#primaryimage"},"thumbnailUrl":"https:\/\/ajmonnet.eu\/wp-content\/uploads\/2025\/04\/373039154_711353301038905_8599807087571577275_n-e1744908923290.jpg","datePublished":"2025-04-29T05:57:08+00:00","dateModified":"2025-07-29T09:46:20+00:00","description":"Association Jean Monnet Actualit\u00e9 Appel \u00e0 la mobilisation populaire partout en France et en Europe autour du 8 mai 2025","breadcrumb":{"@id":"https:\/\/ajmonnet.eu\/appel-a-la-mobilisation-populaire-partout-en-france-et-en-europe-autour-du-8-mai-2025\/#breadcrumb"},"inLanguage":"uk","potentialAction":[{"@type":"ReadAction","target":["https:\/\/ajmonnet.eu\/appel-a-la-mobilisation-populaire-partout-en-france-et-en-europe-autour-du-8-mai-2025\/"]}]},{"@type":"ImageObject","inLanguage":"uk","@id":"https:\/\/ajmonnet.eu\/appel-a-la-mobilisation-populaire-partout-en-france-et-en-europe-autour-du-8-mai-2025\/#primaryimage","url":"https:\/\/ajmonnet.eu\/wp-content\/uploads\/2025\/04\/373039154_711353301038905_8599807087571577275_n-e1744908923290.jpg","contentUrl":"https:\/\/ajmonnet.eu\/wp-content\/uploads\/2025\/04\/373039154_711353301038905_8599807087571577275_n-e1744908923290.jpg","width":1080,"height":690},{"@type":"BreadcrumbList","@id":"https:\/\/ajmonnet.eu\/appel-a-la-mobilisation-populaire-partout-en-france-et-en-europe-autour-du-8-mai-2025\/#breadcrumb","itemListElement":[{"@type":"ListItem","position":1,"name":"Home","item":"https:\/\/ajmonnet.eu\/"},{"@type":"ListItem","position":2,"name":"Appel \u00e0 la mobilisation populaire partout en France et en Europe autour du 8 mai 2025"}]},{"@type":"WebSite","@id":"https:\/\/ajmonnet.eu\/#website","url":"https:\/\/ajmonnet.eu\/","name":"\u0410\u0441\u043e\u0446\u0456\u0430\u0446\u0456\u044f \u0416\u0430\u043d\u0430 \u041c\u043e\u043d\u0435","description":"\u0412\u0442\u0456\u043b\u0435\u043d\u043d\u044f \u0454\u0432\u0440\u043e\u043f\u0435\u0439\u0441\u044c\u043a\u0438\u0445 \u0456\u0434\u0435\u0439 \u0416\u0430\u043d\u0430 \u041c\u043e\u043d\u0435 \u0432 \u0441\u044c\u043e\u0433\u043e\u0434\u0435\u043d\u043d\u0456","publisher":{"@id":"https:\/\/ajmonnet.eu\/#organization"},"alternateName":"AJM","potentialAction":[{"@type":"SearchAction","target":{"@type":"EntryPoint","urlTemplate":"https:\/\/ajmonnet.eu\/?s={search_term_string}"},"query-input":{"@type":"PropertyValueSpecification","valueRequired":true,"valueName":"search_term_string"}}],"inLanguage":"uk"},{"@type":"Organization","@id":"https:\/\/ajmonnet.eu\/#organization","name":"\u0410\u0421\u041e\u0426\u0406\u0410\u0426\u0406\u042f \u0414\u0416\u0410\u041d\u0410 \u041c\u041e\u041d\u0415","alternateName":"AJM","url":"https:\/\/ajmonnet.eu\/","logo":{"@type":"ImageObject","inLanguage":"uk","@id":"https:\/\/ajmonnet.eu\/#\/schema\/logo\/image\/","url":"https:\/\/ajmonnet.eu\/wp-content\/uploads\/2022\/04\/AJM-Logo-Color.png","contentUrl":"https:\/\/ajmonnet.eu\/wp-content\/uploads\/2022\/04\/AJM-Logo-Color.png","width":386,"height":241,"caption":"ASSOCIATION JEAN MONNET"},"image":{"@id":"https:\/\/ajmonnet.eu\/#\/schema\/logo\/image\/"},"sameAs":["https:\/\/www.facebook.com\/associationjeanmonnet","https:\/\/x.com\/AJMonnet","https:\/\/www.linkedin.com\/company\/association-jean-monnet","https:\/\/bsky.app\/profile\/ajeanmonnet.bsky.social"]},{"@type":"Person","@id":"https:\/\/ajmonnet.eu\/#\/schema\/person\/d75372ee9efa1f5270aae02e9a833f25","name":"\u0424\u0430\u0431'\u0454\u043d \u0428\u0435\u0432\u0430\u043b\u044c\u0454","image":{"@type":"ImageObject","inLanguage":"uk","@id":"https:\/\/secure.gravatar.com\/avatar\/ef28d1335a652add1f9c6fafcff2220c35588481f5a058a85b1351c0cf3dadbe?s=96&d=mm&r=g","url":"https:\/\/secure.gravatar.com\/avatar\/ef28d1335a652add1f9c6fafcff2220c35588481f5a058a85b1351c0cf3dadbe?s=96&d=mm&r=g","contentUrl":"https:\/\/secure.gravatar.com\/avatar\/ef28d1335a652add1f9c6fafcff2220c35588481f5a058a85b1351c0cf3dadbe?s=96&d=mm&r=g","caption":"Fabien Chevalier"},"url":"https:\/\/ajmonnet.eu\/uk\/author\/fabi-chev\/"}]}},"_links":{"self":[{"href":"https:\/\/ajmonnet.eu\/uk\/wp-json\/wp\/v2\/posts\/4304","targetHints":{"allow":["GET"]}}],"collection":[{"href":"https:\/\/ajmonnet.eu\/uk\/wp-json\/wp\/v2\/posts"}],"about":[{"href":"https:\/\/ajmonnet.eu\/uk\/wp-json\/wp\/v2\/types\/post"}],"author":[{"embeddable":true,"href":"https:\/\/ajmonnet.eu\/uk\/wp-json\/wp\/v2\/users\/4"}],"replies":[{"embeddable":true,"href":"https:\/\/ajmonnet.eu\/uk\/wp-json\/wp\/v2\/comments?post=4304"}],"version-history":[{"count":1,"href":"https:\/\/ajmonnet.eu\/uk\/wp-json\/wp\/v2\/posts\/4304\/revisions"}],"predecessor-version":[{"id":4306,"href":"https:\/\/ajmonnet.eu\/uk\/wp-json\/wp\/v2\/posts\/4304\/revisions\/4306"}],"wp:featuredmedia":[{"embeddable":true,"href":"https:\/\/ajmonnet.eu\/uk\/wp-json\/wp\/v2\/media\/4305"}],"wp:attachment":[{"href":"https:\/\/ajmonnet.eu\/uk\/wp-json\/wp\/v2\/media?parent=4304"}],"wp:term":[{"taxonomy":"category","embeddable":true,"href":"https:\/\/ajmonnet.eu\/uk\/wp-json\/wp\/v2\/categories?post=4304"},{"taxonomy":"post_tag","embeddable":true,"href":"https:\/\/ajmonnet.eu\/uk\/wp-json\/wp\/v2\/tags?post=4304"}],"curies":[{"name":"wp","href":"https:\/\/api.w.org\/{rel}","templated":true}]}}