{"id":4304,"date":"2025-04-29T07:57:08","date_gmt":"2025-04-29T05:57:08","guid":{"rendered":"https:\/\/ajmonnet.eu\/?p=4304"},"modified":"2025-07-29T11:46:20","modified_gmt":"2025-07-29T09:46:20","slug":"appel-a-la-mobilisation-populaire-partout-en-france-et-en-europe-autour-du-8-mai-2025","status":"publish","type":"post","link":"https:\/\/ajmonnet.eu\/pl\/appel-a-la-mobilisation-populaire-partout-en-france-et-en-europe-autour-du-8-mai-2025\/","title":{"rendered":"Wezwanie do powszechnej mobilizacji we Francji i Europie oko\u0142o 8 maja 2025 r."},"content":{"rendered":"<p>80 lat temu Europejczycy \u015bwi\u0119towali zwyci\u0119stwo nad faszyzmem i nazizmem w Europie. W t\u0119 80. rocznic\u0119 chcemy bardziej ni\u017c kiedykolwiek zachowa\u0107 woln\u0105 i zjednoczon\u0105 Europ\u0119, kt\u00f3r\u0105 odziedziczyli\u015bmy, a kt\u00f3ra jest obecnie zagro\u017cona.&nbsp;<\/p>\n\n\n\n<p>Na podstawie do\u015bwiadczenia wojny i zbrodni re\u017cim\u00f3w totalitarnych, m\u0119\u017cczy\u017ani i kobiety po II wojnie \u015bwiatowej opracowali zdecydowane i ambitne plany, aby uniemo\u017cliwi\u0107 wojn\u0119 w Europie i na ca\u0142ym \u015bwiecie. Aby przezwyci\u0119\u017cy\u0107 endemiczny stan wojny w Europie i na \u015bwiecie, nasi poprzednicy zbudowali porz\u0105dek mi\u0119dzynarodowy oparty na prawie gwarantowanym przez instytucje mi\u0119dzynarodowe; wynie\u015bli godno\u015b\u0107 ludzk\u0105 i prawa cz\u0142owieka ponad suwerenne uprawnienia pa\u0144stw, aby zapewni\u0107, \u017ce te okropno\u015bci nigdy si\u0119 nie powt\u00f3rz\u0105; ukszta\u0142towali nasze liberalne demokracje i nasze modele ochrony socjalnej; zjednoczyli Europ\u0119 wok\u00f3\u0142 tych zasad i tych praw. Jest to projekt, kt\u00f3ry by\u0142 genez\u0105 Unii Europejskiej, jak\u0105 znamy dzisiaj, i kt\u00f3ry da\u0142 nam osiemdziesi\u0105t lat pokoju w jej ramach. Jeste\u015bmy jego spadkobiercami i naszym obowi\u0105zkiem jest przekaza\u0107 to dziedzictwo dalej.<\/p>\n\n\n\n<p>W obliczu nacjonalistycznej retoryki, gr\u00f3\u017ab i imperialistycznych wojen w Europie i na ca\u0142ym \u015bwiecie, niespotykanych od zako\u0144czenia II wojny \u015bwiatowej, chcemy dzi\u015b stawi\u0107 op\u00f3r i dzia\u0142a\u0107 na rzecz ochrony fundament\u00f3w pokoju, demokracji, praw i jedno\u015bci europejskiej, kt\u00f3re pomogli\u015bmy zbudowa\u0107 i wdro\u017cy\u0107. Chcemy ponownie wyrazi\u0107 nasze poparcie dla narodu ukrai\u0144skiego, kt\u00f3ry podziela te warto\u015bci i stawia op\u00f3r, aby wywalczy\u0107 pok\u00f3j i bezpiecze\u0144stwo.<\/p>\n\n\n\n<p>Projekt pokoju, wolno\u015bci i demokracji, r\u00f3wno\u015bci i solidarno\u015bci, szacunku dla ka\u017cdego cz\u0142owieka, jest do dzi\u015b wiarygodnym modelem zjednoczenia Europy i pacyfikacji \u015bwiata. Jest alternatyw\u0105 dla narodowego populizmu i nowych imperializm\u00f3w, kt\u00f3re powstaj\u0105 w Europie i na ca\u0142ym \u015bwiecie.<\/p>\n\n\n\n<p>Dlatego 8 i 9 maja 2025 r. spotykamy si\u0119 w ca\u0142ej Francji i Europie, aby potwierdzi\u0107 nasze g\u0142\u0119bokie przywi\u0105zanie do pokoju i demokracji na rzecz wolnej i zjednoczonej Europy.<\/p>\n\n\n\n<p><strong>Krajowe organizacje-sygnatariusze<\/strong><\/p>\n\n\n\n<ul class=\"wp-block-list\">\n<li>Ruch Europejski - Francja i jego sekcje lokalne<\/li>\n\n\n\n<li>Stowarzyszenie Jean Monnet<\/li>\n\n\n\n<li>Jeunes Europ\u00e9ens - Francja i jej lokalne sekcje<\/li>\n\n\n\n<li>Union des f\u00e9d\u00e9ralistes europ\u00e9ens France i jej lokalne sekcje<\/li>\n\n\n\n<li>F\u00e9d\u00e9ration fran\u00e7aise des Maisons de l'Europe i kilka Maisons de l'Europe<\/li>\n\n\n\n<li>Euradio<\/li>\n\n\n\n<li>Fundacja Hippocrene<\/li>\n\n\n\n<li>Europejskie centrum kultury<\/li>\n\n\n\n<li>EuropaNova<\/li>\n\n\n\n<li>FAGE - Federacja Og\u00f3lnych Stowarzysze\u0144 Studenckich<\/li>\n\n\n\n<li>ARES - Krajowa Federacja Stowarzysze\u0144 Reprezentuj\u0105cych Student\u00f3w Nauk Spo\u0142ecznych<\/li>\n\n\n\n<li>Le Droit Humain France<\/li>\n<\/ul>\n\n\n\n<div class=\"wp-block-buttons is-layout-flex wp-block-buttons-is-layout-flex\">\n<div class=\"wp-block-button\"><a class=\"wp-block-button__link has-vivid-cyan-blue-background-color has-background wp-element-button\" href=\"https:\/\/mouvement-europeen.eu\/resister-pour-une-europe-libre-et-unie\/\">Podpisz wezwanie do dzia\u0142ania<\/a><\/div>\n<\/div>","protected":false},"excerpt":{"rendered":"<p>Il y a 80 ans, les Europ\u00e9ens c\u00e9l\u00e9braient la victoire sur le fascisme et le nazisme en Europe. En ce 80e anniversaire, nous voulons plus que jamais pr\u00e9server l\u2019Europe libre et unie dont nous avons h\u00e9rit\u00e9e, et que nous voyons aujourd\u2019hui menac\u00e9e.&nbsp; De cette exp\u00e9rience de la guerre et des crimes des r\u00e9gimes totalitaires, des [&hellip;]<\/p>\n","protected":false},"author":4,"featured_media":4305,"comment_status":"closed","ping_status":"open","sticky":false,"template":"","format":"standard","meta":{"_acf_changed":false,"footnotes":""},"categories":[31],"tags":[6],"class_list":["post-4304","post","type-post","status-publish","format-standard","has-post-thumbnail","hentry","category-actualite","tag-europe"],"acf":[],"yoast_head":"<!-- This site is optimized with the Yoast SEO plugin v27.4 - https:\/\/yoast.com\/product\/yoast-seo-wordpress\/ -->\n<title>Appel \u00e0 la mobilisation populaire partout en France et en Europe autour du 8 mai 2025 - Association Jean Monnet<\/title>\n<meta name=\"description\" content=\"Association Jean Monnet Actualit\u00e9 Appel \u00e0 la mobilisation populaire partout en France et en Europe autour du 8 mai 2025\" \/>\n<meta name=\"robots\" content=\"index, follow, max-snippet:-1, max-image-preview:large, max-video-preview:-1\" \/>\n<link rel=\"canonical\" href=\"https:\/\/ajmonnet.eu\/pl\/appel-a-la-mobilisation-populaire-partout-en-france-et-en-europe-autour-du-8-mai-2025\/\" \/>\n<meta property=\"og:locale\" content=\"pl_PL\" \/>\n<meta property=\"og:type\" content=\"article\" \/>\n<meta property=\"og:title\" content=\"Appel \u00e0 la mobilisation populaire partout en France et en Europe autour du 8 mai 2025 - Association Jean Monnet\" \/>\n<meta property=\"og:description\" content=\"Association Jean Monnet Actualit\u00e9 Appel \u00e0 la mobilisation populaire partout en France et en Europe autour du 8 mai 2025\" \/>\n<meta property=\"og:url\" content=\"https:\/\/ajmonnet.eu\/pl\/appel-a-la-mobilisation-populaire-partout-en-france-et-en-europe-autour-du-8-mai-2025\/\" \/>\n<meta property=\"og:site_name\" content=\"Association Jean Monnet\" \/>\n<meta property=\"article:publisher\" content=\"https:\/\/www.facebook.com\/associationjeanmonnet\" \/>\n<meta property=\"article:published_time\" content=\"2025-04-29T05:57:08+00:00\" \/>\n<meta property=\"article:modified_time\" content=\"2025-07-29T09:46:20+00:00\" \/>\n<meta property=\"og:image\" content=\"https:\/\/ajmonnet.eu\/wp-content\/uploads\/2025\/04\/373039154_711353301038905_8599807087571577275_n-e1744908923290.jpg\" \/>\n\t<meta property=\"og:image:width\" content=\"1080\" \/>\n\t<meta property=\"og:image:height\" content=\"690\" \/>\n\t<meta property=\"og:image:type\" content=\"image\/jpeg\" \/>\n<meta name=\"author\" content=\"Fabien Chevalier\" \/>\n<meta name=\"twitter:card\" content=\"summary_large_image\" \/>\n<meta name=\"twitter:creator\" content=\"@AJMonnet\" \/>\n<meta name=\"twitter:site\" content=\"@AJMonnet\" \/>\n<meta name=\"twitter:label1\" content=\"Napisane przez\" \/>\n\t<meta name=\"twitter:data1\" content=\"Fabien Chevalier\" \/>\n\t<meta name=\"twitter:label2\" content=\"Szacowany czas czytania\" \/>\n\t<meta name=\"twitter:data2\" content=\"3 minuty\" \/>\n<script type=\"application\/ld+json\" class=\"yoast-schema-graph\">{\"@context\":\"https:\\\/\\\/schema.org\",\"@graph\":[{\"@type\":\"Article\",\"@id\":\"https:\\\/\\\/ajmonnet.eu\\\/appel-a-la-mobilisation-populaire-partout-en-france-et-en-europe-autour-du-8-mai-2025\\\/#article\",\"isPartOf\":{\"@id\":\"https:\\\/\\\/ajmonnet.eu\\\/appel-a-la-mobilisation-populaire-partout-en-france-et-en-europe-autour-du-8-mai-2025\\\/\"},\"author\":{\"name\":\"Fabien Chevalier\",\"@id\":\"https:\\\/\\\/ajmonnet.eu\\\/#\\\/schema\\\/person\\\/d75372ee9efa1f5270aae02e9a833f25\"},\"headline\":\"Appel \u00e0 la mobilisation populaire partout en France et en Europe autour du 8 mai 2025\",\"datePublished\":\"2025-04-29T05:57:08+00:00\",\"dateModified\":\"2025-07-29T09:46:20+00:00\",\"mainEntityOfPage\":{\"@id\":\"https:\\\/\\\/ajmonnet.eu\\\/appel-a-la-mobilisation-populaire-partout-en-france-et-en-europe-autour-du-8-mai-2025\\\/\"},\"wordCount\":519,\"publisher\":{\"@id\":\"https:\\\/\\\/ajmonnet.eu\\\/#organization\"},\"image\":{\"@id\":\"https:\\\/\\\/ajmonnet.eu\\\/appel-a-la-mobilisation-populaire-partout-en-france-et-en-europe-autour-du-8-mai-2025\\\/#primaryimage\"},\"thumbnailUrl\":\"https:\\\/\\\/ajmonnet.eu\\\/wp-content\\\/uploads\\\/2025\\\/04\\\/373039154_711353301038905_8599807087571577275_n-e1744908923290.jpg\",\"keywords\":[\"Europe\"],\"articleSection\":[\"Actualit\u00e9\"],\"inLanguage\":\"pl-PL\"},{\"@type\":\"WebPage\",\"@id\":\"https:\\\/\\\/ajmonnet.eu\\\/appel-a-la-mobilisation-populaire-partout-en-france-et-en-europe-autour-du-8-mai-2025\\\/\",\"url\":\"https:\\\/\\\/ajmonnet.eu\\\/appel-a-la-mobilisation-populaire-partout-en-france-et-en-europe-autour-du-8-mai-2025\\\/\",\"name\":\"Appel \u00e0 la mobilisation populaire partout en France et en Europe autour du 8 mai 2025 - Association Jean Monnet\",\"isPartOf\":{\"@id\":\"https:\\\/\\\/ajmonnet.eu\\\/#website\"},\"primaryImageOfPage\":{\"@id\":\"https:\\\/\\\/ajmonnet.eu\\\/appel-a-la-mobilisation-populaire-partout-en-france-et-en-europe-autour-du-8-mai-2025\\\/#primaryimage\"},\"image\":{\"@id\":\"https:\\\/\\\/ajmonnet.eu\\\/appel-a-la-mobilisation-populaire-partout-en-france-et-en-europe-autour-du-8-mai-2025\\\/#primaryimage\"},\"thumbnailUrl\":\"https:\\\/\\\/ajmonnet.eu\\\/wp-content\\\/uploads\\\/2025\\\/04\\\/373039154_711353301038905_8599807087571577275_n-e1744908923290.jpg\",\"datePublished\":\"2025-04-29T05:57:08+00:00\",\"dateModified\":\"2025-07-29T09:46:20+00:00\",\"description\":\"Association Jean Monnet Actualit\u00e9 Appel \u00e0 la mobilisation populaire partout en France et en Europe autour du 8 mai 2025\",\"breadcrumb\":{\"@id\":\"https:\\\/\\\/ajmonnet.eu\\\/appel-a-la-mobilisation-populaire-partout-en-france-et-en-europe-autour-du-8-mai-2025\\\/#breadcrumb\"},\"inLanguage\":\"pl-PL\",\"potentialAction\":[{\"@type\":\"ReadAction\",\"target\":[\"https:\\\/\\\/ajmonnet.eu\\\/appel-a-la-mobilisation-populaire-partout-en-france-et-en-europe-autour-du-8-mai-2025\\\/\"]}]},{\"@type\":\"ImageObject\",\"inLanguage\":\"pl-PL\",\"@id\":\"https:\\\/\\\/ajmonnet.eu\\\/appel-a-la-mobilisation-populaire-partout-en-france-et-en-europe-autour-du-8-mai-2025\\\/#primaryimage\",\"url\":\"https:\\\/\\\/ajmonnet.eu\\\/wp-content\\\/uploads\\\/2025\\\/04\\\/373039154_711353301038905_8599807087571577275_n-e1744908923290.jpg\",\"contentUrl\":\"https:\\\/\\\/ajmonnet.eu\\\/wp-content\\\/uploads\\\/2025\\\/04\\\/373039154_711353301038905_8599807087571577275_n-e1744908923290.jpg\",\"width\":1080,\"height\":690},{\"@type\":\"BreadcrumbList\",\"@id\":\"https:\\\/\\\/ajmonnet.eu\\\/appel-a-la-mobilisation-populaire-partout-en-france-et-en-europe-autour-du-8-mai-2025\\\/#breadcrumb\",\"itemListElement\":[{\"@type\":\"ListItem\",\"position\":1,\"name\":\"Home\",\"item\":\"https:\\\/\\\/ajmonnet.eu\\\/\"},{\"@type\":\"ListItem\",\"position\":2,\"name\":\"Appel \u00e0 la mobilisation populaire partout en France et en Europe autour du 8 mai 2025\"}]},{\"@type\":\"WebSite\",\"@id\":\"https:\\\/\\\/ajmonnet.eu\\\/#website\",\"url\":\"https:\\\/\\\/ajmonnet.eu\\\/\",\"name\":\"Association Jean Monnet\",\"description\":\"Faire vivre au temps pr\u00e9sent les id\u00e9es europ\u00e9ennes de Jean Monnet\",\"publisher\":{\"@id\":\"https:\\\/\\\/ajmonnet.eu\\\/#organization\"},\"alternateName\":\"AJM\",\"potentialAction\":[{\"@type\":\"SearchAction\",\"target\":{\"@type\":\"EntryPoint\",\"urlTemplate\":\"https:\\\/\\\/ajmonnet.eu\\\/?s={search_term_string}\"},\"query-input\":{\"@type\":\"PropertyValueSpecification\",\"valueRequired\":true,\"valueName\":\"search_term_string\"}}],\"inLanguage\":\"pl-PL\"},{\"@type\":\"Organization\",\"@id\":\"https:\\\/\\\/ajmonnet.eu\\\/#organization\",\"name\":\"ASSOCIATION JEAN MONNET\",\"alternateName\":\"AJM\",\"url\":\"https:\\\/\\\/ajmonnet.eu\\\/\",\"logo\":{\"@type\":\"ImageObject\",\"inLanguage\":\"pl-PL\",\"@id\":\"https:\\\/\\\/ajmonnet.eu\\\/#\\\/schema\\\/logo\\\/image\\\/\",\"url\":\"https:\\\/\\\/ajmonnet.eu\\\/wp-content\\\/uploads\\\/2022\\\/04\\\/AJM-Logo-Color.png\",\"contentUrl\":\"https:\\\/\\\/ajmonnet.eu\\\/wp-content\\\/uploads\\\/2022\\\/04\\\/AJM-Logo-Color.png\",\"width\":386,\"height\":241,\"caption\":\"ASSOCIATION JEAN MONNET\"},\"image\":{\"@id\":\"https:\\\/\\\/ajmonnet.eu\\\/#\\\/schema\\\/logo\\\/image\\\/\"},\"sameAs\":[\"https:\\\/\\\/www.facebook.com\\\/associationjeanmonnet\",\"https:\\\/\\\/x.com\\\/AJMonnet\",\"https:\\\/\\\/www.linkedin.com\\\/company\\\/association-jean-monnet\",\"https:\\\/\\\/bsky.app\\\/profile\\\/ajeanmonnet.bsky.social\"]},{\"@type\":\"Person\",\"@id\":\"https:\\\/\\\/ajmonnet.eu\\\/#\\\/schema\\\/person\\\/d75372ee9efa1f5270aae02e9a833f25\",\"name\":\"Fabien Chevalier\",\"image\":{\"@type\":\"ImageObject\",\"inLanguage\":\"pl-PL\",\"@id\":\"https:\\\/\\\/secure.gravatar.com\\\/avatar\\\/ef28d1335a652add1f9c6fafcff2220c35588481f5a058a85b1351c0cf3dadbe?s=96&d=mm&r=g\",\"url\":\"https:\\\/\\\/secure.gravatar.com\\\/avatar\\\/ef28d1335a652add1f9c6fafcff2220c35588481f5a058a85b1351c0cf3dadbe?s=96&d=mm&r=g\",\"contentUrl\":\"https:\\\/\\\/secure.gravatar.com\\\/avatar\\\/ef28d1335a652add1f9c6fafcff2220c35588481f5a058a85b1351c0cf3dadbe?s=96&d=mm&r=g\",\"caption\":\"Fabien Chevalier\"},\"url\":\"https:\\\/\\\/ajmonnet.eu\\\/pl\\\/author\\\/fabi-chev\\\/\"}]}<\/script>\n<!-- \/ Yoast SEO plugin. -->","yoast_head_json":{"title":"Appel \u00e0 la mobilisation populaire partout en France et en Europe autour du 8 mai 2025 - Association Jean Monnet","description":"Association Jean Monnet Actualit\u00e9 Appel \u00e0 la mobilisation populaire partout en France et en Europe autour du 8 mai 2025","robots":{"index":"index","follow":"follow","max-snippet":"max-snippet:-1","max-image-preview":"max-image-preview:large","max-video-preview":"max-video-preview:-1"},"canonical":"https:\/\/ajmonnet.eu\/pl\/appel-a-la-mobilisation-populaire-partout-en-france-et-en-europe-autour-du-8-mai-2025\/","og_locale":"pl_PL","og_type":"article","og_title":"Appel \u00e0 la mobilisation populaire partout en France et en Europe autour du 8 mai 2025 - Association Jean Monnet","og_description":"Association Jean Monnet Actualit\u00e9 Appel \u00e0 la mobilisation populaire partout en France et en Europe autour du 8 mai 2025","og_url":"https:\/\/ajmonnet.eu\/pl\/appel-a-la-mobilisation-populaire-partout-en-france-et-en-europe-autour-du-8-mai-2025\/","og_site_name":"Association Jean Monnet","article_publisher":"https:\/\/www.facebook.com\/associationjeanmonnet","article_published_time":"2025-04-29T05:57:08+00:00","article_modified_time":"2025-07-29T09:46:20+00:00","og_image":[{"width":1080,"height":690,"url":"https:\/\/ajmonnet.eu\/wp-content\/uploads\/2025\/04\/373039154_711353301038905_8599807087571577275_n-e1744908923290.jpg","type":"image\/jpeg"}],"author":"Fabien Chevalier","twitter_card":"summary_large_image","twitter_creator":"@AJMonnet","twitter_site":"@AJMonnet","twitter_misc":{"Napisane przez":"Fabien Chevalier","Szacowany czas czytania":"3 minuty"},"schema":{"@context":"https:\/\/schema.org","@graph":[{"@type":"Article","@id":"https:\/\/ajmonnet.eu\/appel-a-la-mobilisation-populaire-partout-en-france-et-en-europe-autour-du-8-mai-2025\/#article","isPartOf":{"@id":"https:\/\/ajmonnet.eu\/appel-a-la-mobilisation-populaire-partout-en-france-et-en-europe-autour-du-8-mai-2025\/"},"author":{"name":"Fabien Chevalier","@id":"https:\/\/ajmonnet.eu\/#\/schema\/person\/d75372ee9efa1f5270aae02e9a833f25"},"headline":"Appel \u00e0 la mobilisation populaire partout en France et en Europe autour du 8 mai 2025","datePublished":"2025-04-29T05:57:08+00:00","dateModified":"2025-07-29T09:46:20+00:00","mainEntityOfPage":{"@id":"https:\/\/ajmonnet.eu\/appel-a-la-mobilisation-populaire-partout-en-france-et-en-europe-autour-du-8-mai-2025\/"},"wordCount":519,"publisher":{"@id":"https:\/\/ajmonnet.eu\/#organization"},"image":{"@id":"https:\/\/ajmonnet.eu\/appel-a-la-mobilisation-populaire-partout-en-france-et-en-europe-autour-du-8-mai-2025\/#primaryimage"},"thumbnailUrl":"https:\/\/ajmonnet.eu\/wp-content\/uploads\/2025\/04\/373039154_711353301038905_8599807087571577275_n-e1744908923290.jpg","keywords":["Europe"],"articleSection":["Actualit\u00e9"],"inLanguage":"pl-PL"},{"@type":"WebPage","@id":"https:\/\/ajmonnet.eu\/appel-a-la-mobilisation-populaire-partout-en-france-et-en-europe-autour-du-8-mai-2025\/","url":"https:\/\/ajmonnet.eu\/appel-a-la-mobilisation-populaire-partout-en-france-et-en-europe-autour-du-8-mai-2025\/","name":"Appel \u00e0 la mobilisation populaire partout en France et en Europe autour du 8 mai 2025 - Association Jean Monnet","isPartOf":{"@id":"https:\/\/ajmonnet.eu\/#website"},"primaryImageOfPage":{"@id":"https:\/\/ajmonnet.eu\/appel-a-la-mobilisation-populaire-partout-en-france-et-en-europe-autour-du-8-mai-2025\/#primaryimage"},"image":{"@id":"https:\/\/ajmonnet.eu\/appel-a-la-mobilisation-populaire-partout-en-france-et-en-europe-autour-du-8-mai-2025\/#primaryimage"},"thumbnailUrl":"https:\/\/ajmonnet.eu\/wp-content\/uploads\/2025\/04\/373039154_711353301038905_8599807087571577275_n-e1744908923290.jpg","datePublished":"2025-04-29T05:57:08+00:00","dateModified":"2025-07-29T09:46:20+00:00","description":"Association Jean Monnet Actualit\u00e9 Appel \u00e0 la mobilisation populaire partout en France et en Europe autour du 8 mai 2025","breadcrumb":{"@id":"https:\/\/ajmonnet.eu\/appel-a-la-mobilisation-populaire-partout-en-france-et-en-europe-autour-du-8-mai-2025\/#breadcrumb"},"inLanguage":"pl-PL","potentialAction":[{"@type":"ReadAction","target":["https:\/\/ajmonnet.eu\/appel-a-la-mobilisation-populaire-partout-en-france-et-en-europe-autour-du-8-mai-2025\/"]}]},{"@type":"ImageObject","inLanguage":"pl-PL","@id":"https:\/\/ajmonnet.eu\/appel-a-la-mobilisation-populaire-partout-en-france-et-en-europe-autour-du-8-mai-2025\/#primaryimage","url":"https:\/\/ajmonnet.eu\/wp-content\/uploads\/2025\/04\/373039154_711353301038905_8599807087571577275_n-e1744908923290.jpg","contentUrl":"https:\/\/ajmonnet.eu\/wp-content\/uploads\/2025\/04\/373039154_711353301038905_8599807087571577275_n-e1744908923290.jpg","width":1080,"height":690},{"@type":"BreadcrumbList","@id":"https:\/\/ajmonnet.eu\/appel-a-la-mobilisation-populaire-partout-en-france-et-en-europe-autour-du-8-mai-2025\/#breadcrumb","itemListElement":[{"@type":"ListItem","position":1,"name":"Home","item":"https:\/\/ajmonnet.eu\/"},{"@type":"ListItem","position":2,"name":"Appel \u00e0 la mobilisation populaire partout en France et en Europe autour du 8 mai 2025"}]},{"@type":"WebSite","@id":"https:\/\/ajmonnet.eu\/#website","url":"https:\/\/ajmonnet.eu\/","name":"Stowarzyszenie Jean Monnet","description":"O\u017cywienie idei europejskich Jeana Monneta we wsp\u00f3\u0142czesno\u015bci","publisher":{"@id":"https:\/\/ajmonnet.eu\/#organization"},"alternateName":"AJM","potentialAction":[{"@type":"SearchAction","target":{"@type":"EntryPoint","urlTemplate":"https:\/\/ajmonnet.eu\/?s={search_term_string}"},"query-input":{"@type":"PropertyValueSpecification","valueRequired":true,"valueName":"search_term_string"}}],"inLanguage":"pl-PL"},{"@type":"Organization","@id":"https:\/\/ajmonnet.eu\/#organization","name":"STOWARZYSZENIE JEAN MONNET","alternateName":"AJM","url":"https:\/\/ajmonnet.eu\/","logo":{"@type":"ImageObject","inLanguage":"pl-PL","@id":"https:\/\/ajmonnet.eu\/#\/schema\/logo\/image\/","url":"https:\/\/ajmonnet.eu\/wp-content\/uploads\/2022\/04\/AJM-Logo-Color.png","contentUrl":"https:\/\/ajmonnet.eu\/wp-content\/uploads\/2022\/04\/AJM-Logo-Color.png","width":386,"height":241,"caption":"ASSOCIATION JEAN MONNET"},"image":{"@id":"https:\/\/ajmonnet.eu\/#\/schema\/logo\/image\/"},"sameAs":["https:\/\/www.facebook.com\/associationjeanmonnet","https:\/\/x.com\/AJMonnet","https:\/\/www.linkedin.com\/company\/association-jean-monnet","https:\/\/bsky.app\/profile\/ajeanmonnet.bsky.social"]},{"@type":"Person","@id":"https:\/\/ajmonnet.eu\/#\/schema\/person\/d75372ee9efa1f5270aae02e9a833f25","name":"Fabien Chevalier","image":{"@type":"ImageObject","inLanguage":"pl-PL","@id":"https:\/\/secure.gravatar.com\/avatar\/ef28d1335a652add1f9c6fafcff2220c35588481f5a058a85b1351c0cf3dadbe?s=96&d=mm&r=g","url":"https:\/\/secure.gravatar.com\/avatar\/ef28d1335a652add1f9c6fafcff2220c35588481f5a058a85b1351c0cf3dadbe?s=96&d=mm&r=g","contentUrl":"https:\/\/secure.gravatar.com\/avatar\/ef28d1335a652add1f9c6fafcff2220c35588481f5a058a85b1351c0cf3dadbe?s=96&d=mm&r=g","caption":"Fabien Chevalier"},"url":"https:\/\/ajmonnet.eu\/pl\/author\/fabi-chev\/"}]}},"_links":{"self":[{"href":"https:\/\/ajmonnet.eu\/pl\/wp-json\/wp\/v2\/posts\/4304","targetHints":{"allow":["GET"]}}],"collection":[{"href":"https:\/\/ajmonnet.eu\/pl\/wp-json\/wp\/v2\/posts"}],"about":[{"href":"https:\/\/ajmonnet.eu\/pl\/wp-json\/wp\/v2\/types\/post"}],"author":[{"embeddable":true,"href":"https:\/\/ajmonnet.eu\/pl\/wp-json\/wp\/v2\/users\/4"}],"replies":[{"embeddable":true,"href":"https:\/\/ajmonnet.eu\/pl\/wp-json\/wp\/v2\/comments?post=4304"}],"version-history":[{"count":1,"href":"https:\/\/ajmonnet.eu\/pl\/wp-json\/wp\/v2\/posts\/4304\/revisions"}],"predecessor-version":[{"id":4306,"href":"https:\/\/ajmonnet.eu\/pl\/wp-json\/wp\/v2\/posts\/4304\/revisions\/4306"}],"wp:featuredmedia":[{"embeddable":true,"href":"https:\/\/ajmonnet.eu\/pl\/wp-json\/wp\/v2\/media\/4305"}],"wp:attachment":[{"href":"https:\/\/ajmonnet.eu\/pl\/wp-json\/wp\/v2\/media?parent=4304"}],"wp:term":[{"taxonomy":"category","embeddable":true,"href":"https:\/\/ajmonnet.eu\/pl\/wp-json\/wp\/v2\/categories?post=4304"},{"taxonomy":"post_tag","embeddable":true,"href":"https:\/\/ajmonnet.eu\/pl\/wp-json\/wp\/v2\/tags?post=4304"}],"curies":[{"name":"wp","href":"https:\/\/api.w.org\/{rel}","templated":true}]}}