{"id":4304,"date":"2025-04-29T07:57:08","date_gmt":"2025-04-29T05:57:08","guid":{"rendered":"https:\/\/ajmonnet.eu\/?p=4304"},"modified":"2025-07-29T11:46:20","modified_gmt":"2025-07-29T09:46:20","slug":"appel-a-la-mobilisation-populaire-partout-en-france-et-en-europe-autour-du-8-mai-2025","status":"publish","type":"post","link":"https:\/\/ajmonnet.eu\/it\/appel-a-la-mobilisation-populaire-partout-en-france-et-en-europe-autour-du-8-mai-2025\/","title":{"rendered":"Appello alla mobilitazione popolare in tutta la Francia e l'Europa intorno all'8 maggio 2025"},"content":{"rendered":"<p>80 anni fa, gli europei hanno celebrato la vittoria sul fascismo e sul nazismo in Europa. In questo 80\u00b0 anniversario, vogliamo pi\u00f9 che mai preservare l'Europa libera e unita che abbiamo ereditato e che ora vediamo minacciata.&nbsp;<\/p>\n\n\n\n<p>Da questa esperienza di guerra e dai crimini dei regimi totalitari, gli uomini e le donne dopo la Seconda guerra mondiale hanno elaborato piani risoluti e ambiziosi per rendere impossibile la guerra in Europa e nel mondo. Per superare lo stato endemico di guerra in Europa e nel mondo, i nostri predecessori hanno costruito un ordine internazionale basato sul diritto garantito dalle istituzioni internazionali; hanno elevato la dignit\u00e0 umana e i diritti umani al di sopra dei poteri sovrani degli Stati per garantire che questi orrori non si ripetessero mai pi\u00f9; hanno plasmato le nostre democrazie liberali e i nostri modelli di protezione sociale; hanno unito l'Europa attorno a questi principi e a questi diritti. Questo \u00e8 il progetto che \u00e8 stato la genesi dell'Unione europea che conosciamo oggi e che ci ha regalato ottant'anni di pace al suo interno. Noi siamo i suoi eredi e abbiamo la responsabilit\u00e0 di trasmettere a nostra volta questa eredit\u00e0.<\/p>\n\n\n\n<p>Di fronte all'ennesima retorica nazionalista, alle minacce e alle guerre imperialiste in Europa e nel mondo che non hanno precedenti dalla fine della Seconda guerra mondiale, oggi vogliamo resistere e agire per proteggere le fondamenta della pace, della democrazia, dei diritti e dell'unit\u00e0 europea che abbiamo contribuito a costruire e realizzare. Vogliamo ribadire il nostro sostegno al popolo ucraino, che condivide questi valori e sta resistendo per conquistare pace e sicurezza.<\/p>\n\n\n\n<p>Il progetto di pace, libert\u00e0 e democrazia, uguaglianza e solidariet\u00e0, rispetto per ogni essere umano, \u00e8 ancora oggi un modello credibile per l'unificazione dell'Europa e la pacificazione del mondo. \u00c8 un'alternativa ai nazional-populismi e ai nuovi imperialismi in ascesa in Europa e nel mondo.<\/p>\n\n\n\n<p>Ecco perch\u00e9 ci riuniamo in tutta la Francia e in Europa l'8 e il 9 maggio 2025 per riaffermare il nostro attaccamento viscerale alla pace e alla democrazia per un'Europa libera e unita.<\/p>\n\n\n\n<p><strong>Organizzazioni nazionali firmatarie<\/strong><\/p>\n\n\n\n<ul class=\"wp-block-list\">\n<li>Movimento Europeo - Francia e le sue sezioni locali<\/li>\n\n\n\n<li>Associazione Jean Monnet<\/li>\n\n\n\n<li>Jeunes Europ\u00e9ens - Francia e le sue sezioni locali<\/li>\n\n\n\n<li>Union des f\u00e9d\u00e9ralistes europ\u00e9ens France e le sue sezioni locali<\/li>\n\n\n\n<li>F\u00e9d\u00e9ration fran\u00e7aise des Maisons de l'Europe e diverse Maisons de l'Europe<\/li>\n\n\n\n<li>Euradio<\/li>\n\n\n\n<li>Fondazione Hippocrene<\/li>\n\n\n\n<li>Polo culturale europeo<\/li>\n\n\n\n<li>EuropaNova<\/li>\n\n\n\n<li>FAGE - Federazione delle Associazioni Generali degli Studenti<\/li>\n\n\n\n<li>ARES - Federazione nazionale delle associazioni che rappresentano gli studenti di scienze sociali<\/li>\n\n\n\n<li>Le Droit Humain Francia<\/li>\n<\/ul>\n\n\n\n<div class=\"wp-block-buttons is-layout-flex wp-block-buttons-is-layout-flex\">\n<div class=\"wp-block-button\"><a class=\"wp-block-button__link has-vivid-cyan-blue-background-color has-background wp-element-button\" href=\"https:\/\/mouvement-europeen.eu\/resister-pour-une-europe-libre-et-unie\/\">Firma l'appello all'azione<\/a><\/div>\n<\/div>","protected":false},"excerpt":{"rendered":"<p>Il y a 80 ans, les Europ\u00e9ens c\u00e9l\u00e9braient la victoire sur le fascisme et le nazisme en Europe. En ce 80e anniversaire, nous voulons plus que jamais pr\u00e9server l\u2019Europe libre et unie dont nous avons h\u00e9rit\u00e9e, et que nous voyons aujourd\u2019hui menac\u00e9e.&nbsp; De cette exp\u00e9rience de la guerre et des crimes des r\u00e9gimes totalitaires, des [&hellip;]<\/p>\n","protected":false},"author":4,"featured_media":4305,"comment_status":"closed","ping_status":"open","sticky":false,"template":"","format":"standard","meta":{"_acf_changed":false,"footnotes":""},"categories":[31],"tags":[6],"class_list":["post-4304","post","type-post","status-publish","format-standard","has-post-thumbnail","hentry","category-actualite","tag-europe"],"acf":[],"yoast_head":"<!-- This site is optimized with the Yoast SEO plugin v27.4 - https:\/\/yoast.com\/product\/yoast-seo-wordpress\/ -->\n<title>Appel \u00e0 la mobilisation populaire partout en France et en Europe autour du 8 mai 2025 - Association Jean Monnet<\/title>\n<meta name=\"description\" content=\"Association Jean Monnet Actualit\u00e9 Appel \u00e0 la mobilisation populaire partout en France et en Europe autour du 8 mai 2025\" \/>\n<meta name=\"robots\" content=\"index, follow, max-snippet:-1, max-image-preview:large, max-video-preview:-1\" \/>\n<link rel=\"canonical\" href=\"https:\/\/ajmonnet.eu\/it\/appel-a-la-mobilisation-populaire-partout-en-france-et-en-europe-autour-du-8-mai-2025\/\" \/>\n<meta property=\"og:locale\" content=\"it_IT\" \/>\n<meta property=\"og:type\" content=\"article\" \/>\n<meta property=\"og:title\" content=\"Appel \u00e0 la mobilisation populaire partout en France et en Europe autour du 8 mai 2025 - Association Jean Monnet\" \/>\n<meta property=\"og:description\" content=\"Association Jean Monnet Actualit\u00e9 Appel \u00e0 la mobilisation populaire partout en France et en Europe autour du 8 mai 2025\" \/>\n<meta property=\"og:url\" content=\"https:\/\/ajmonnet.eu\/it\/appel-a-la-mobilisation-populaire-partout-en-france-et-en-europe-autour-du-8-mai-2025\/\" \/>\n<meta property=\"og:site_name\" content=\"Association Jean Monnet\" \/>\n<meta property=\"article:publisher\" content=\"https:\/\/www.facebook.com\/associationjeanmonnet\" \/>\n<meta property=\"article:published_time\" content=\"2025-04-29T05:57:08+00:00\" \/>\n<meta property=\"article:modified_time\" content=\"2025-07-29T09:46:20+00:00\" \/>\n<meta property=\"og:image\" content=\"https:\/\/ajmonnet.eu\/wp-content\/uploads\/2025\/04\/373039154_711353301038905_8599807087571577275_n-e1744908923290.jpg\" \/>\n\t<meta property=\"og:image:width\" content=\"1080\" \/>\n\t<meta property=\"og:image:height\" content=\"690\" \/>\n\t<meta property=\"og:image:type\" content=\"image\/jpeg\" \/>\n<meta name=\"author\" content=\"Fabien Chevalier\" \/>\n<meta name=\"twitter:card\" content=\"summary_large_image\" \/>\n<meta name=\"twitter:creator\" content=\"@AJMonnet\" \/>\n<meta name=\"twitter:site\" content=\"@AJMonnet\" \/>\n<meta name=\"twitter:label1\" content=\"Scritto da\" \/>\n\t<meta name=\"twitter:data1\" content=\"Fabien Chevalier\" \/>\n\t<meta name=\"twitter:label2\" content=\"Tempo di lettura stimato\" \/>\n\t<meta name=\"twitter:data2\" content=\"3 minuti\" \/>\n<script type=\"application\/ld+json\" class=\"yoast-schema-graph\">{\"@context\":\"https:\\\/\\\/schema.org\",\"@graph\":[{\"@type\":\"Article\",\"@id\":\"https:\\\/\\\/ajmonnet.eu\\\/appel-a-la-mobilisation-populaire-partout-en-france-et-en-europe-autour-du-8-mai-2025\\\/#article\",\"isPartOf\":{\"@id\":\"https:\\\/\\\/ajmonnet.eu\\\/appel-a-la-mobilisation-populaire-partout-en-france-et-en-europe-autour-du-8-mai-2025\\\/\"},\"author\":{\"name\":\"Fabien Chevalier\",\"@id\":\"https:\\\/\\\/ajmonnet.eu\\\/#\\\/schema\\\/person\\\/d75372ee9efa1f5270aae02e9a833f25\"},\"headline\":\"Appel \u00e0 la mobilisation populaire partout en France et en Europe autour du 8 mai 2025\",\"datePublished\":\"2025-04-29T05:57:08+00:00\",\"dateModified\":\"2025-07-29T09:46:20+00:00\",\"mainEntityOfPage\":{\"@id\":\"https:\\\/\\\/ajmonnet.eu\\\/appel-a-la-mobilisation-populaire-partout-en-france-et-en-europe-autour-du-8-mai-2025\\\/\"},\"wordCount\":519,\"publisher\":{\"@id\":\"https:\\\/\\\/ajmonnet.eu\\\/#organization\"},\"image\":{\"@id\":\"https:\\\/\\\/ajmonnet.eu\\\/appel-a-la-mobilisation-populaire-partout-en-france-et-en-europe-autour-du-8-mai-2025\\\/#primaryimage\"},\"thumbnailUrl\":\"https:\\\/\\\/ajmonnet.eu\\\/wp-content\\\/uploads\\\/2025\\\/04\\\/373039154_711353301038905_8599807087571577275_n-e1744908923290.jpg\",\"keywords\":[\"Europe\"],\"articleSection\":[\"Actualit\u00e9\"],\"inLanguage\":\"it-IT\"},{\"@type\":\"WebPage\",\"@id\":\"https:\\\/\\\/ajmonnet.eu\\\/appel-a-la-mobilisation-populaire-partout-en-france-et-en-europe-autour-du-8-mai-2025\\\/\",\"url\":\"https:\\\/\\\/ajmonnet.eu\\\/appel-a-la-mobilisation-populaire-partout-en-france-et-en-europe-autour-du-8-mai-2025\\\/\",\"name\":\"Appel \u00e0 la mobilisation populaire partout en France et en Europe autour du 8 mai 2025 - Association Jean Monnet\",\"isPartOf\":{\"@id\":\"https:\\\/\\\/ajmonnet.eu\\\/#website\"},\"primaryImageOfPage\":{\"@id\":\"https:\\\/\\\/ajmonnet.eu\\\/appel-a-la-mobilisation-populaire-partout-en-france-et-en-europe-autour-du-8-mai-2025\\\/#primaryimage\"},\"image\":{\"@id\":\"https:\\\/\\\/ajmonnet.eu\\\/appel-a-la-mobilisation-populaire-partout-en-france-et-en-europe-autour-du-8-mai-2025\\\/#primaryimage\"},\"thumbnailUrl\":\"https:\\\/\\\/ajmonnet.eu\\\/wp-content\\\/uploads\\\/2025\\\/04\\\/373039154_711353301038905_8599807087571577275_n-e1744908923290.jpg\",\"datePublished\":\"2025-04-29T05:57:08+00:00\",\"dateModified\":\"2025-07-29T09:46:20+00:00\",\"description\":\"Association Jean Monnet Actualit\u00e9 Appel \u00e0 la mobilisation populaire partout en France et en Europe autour du 8 mai 2025\",\"breadcrumb\":{\"@id\":\"https:\\\/\\\/ajmonnet.eu\\\/appel-a-la-mobilisation-populaire-partout-en-france-et-en-europe-autour-du-8-mai-2025\\\/#breadcrumb\"},\"inLanguage\":\"it-IT\",\"potentialAction\":[{\"@type\":\"ReadAction\",\"target\":[\"https:\\\/\\\/ajmonnet.eu\\\/appel-a-la-mobilisation-populaire-partout-en-france-et-en-europe-autour-du-8-mai-2025\\\/\"]}]},{\"@type\":\"ImageObject\",\"inLanguage\":\"it-IT\",\"@id\":\"https:\\\/\\\/ajmonnet.eu\\\/appel-a-la-mobilisation-populaire-partout-en-france-et-en-europe-autour-du-8-mai-2025\\\/#primaryimage\",\"url\":\"https:\\\/\\\/ajmonnet.eu\\\/wp-content\\\/uploads\\\/2025\\\/04\\\/373039154_711353301038905_8599807087571577275_n-e1744908923290.jpg\",\"contentUrl\":\"https:\\\/\\\/ajmonnet.eu\\\/wp-content\\\/uploads\\\/2025\\\/04\\\/373039154_711353301038905_8599807087571577275_n-e1744908923290.jpg\",\"width\":1080,\"height\":690},{\"@type\":\"BreadcrumbList\",\"@id\":\"https:\\\/\\\/ajmonnet.eu\\\/appel-a-la-mobilisation-populaire-partout-en-france-et-en-europe-autour-du-8-mai-2025\\\/#breadcrumb\",\"itemListElement\":[{\"@type\":\"ListItem\",\"position\":1,\"name\":\"Home\",\"item\":\"https:\\\/\\\/ajmonnet.eu\\\/\"},{\"@type\":\"ListItem\",\"position\":2,\"name\":\"Appel \u00e0 la mobilisation populaire partout en France et en Europe autour du 8 mai 2025\"}]},{\"@type\":\"WebSite\",\"@id\":\"https:\\\/\\\/ajmonnet.eu\\\/#website\",\"url\":\"https:\\\/\\\/ajmonnet.eu\\\/\",\"name\":\"Association Jean Monnet\",\"description\":\"Faire vivre au temps pr\u00e9sent les id\u00e9es europ\u00e9ennes de Jean Monnet\",\"publisher\":{\"@id\":\"https:\\\/\\\/ajmonnet.eu\\\/#organization\"},\"alternateName\":\"AJM\",\"potentialAction\":[{\"@type\":\"SearchAction\",\"target\":{\"@type\":\"EntryPoint\",\"urlTemplate\":\"https:\\\/\\\/ajmonnet.eu\\\/?s={search_term_string}\"},\"query-input\":{\"@type\":\"PropertyValueSpecification\",\"valueRequired\":true,\"valueName\":\"search_term_string\"}}],\"inLanguage\":\"it-IT\"},{\"@type\":\"Organization\",\"@id\":\"https:\\\/\\\/ajmonnet.eu\\\/#organization\",\"name\":\"ASSOCIATION JEAN MONNET\",\"alternateName\":\"AJM\",\"url\":\"https:\\\/\\\/ajmonnet.eu\\\/\",\"logo\":{\"@type\":\"ImageObject\",\"inLanguage\":\"it-IT\",\"@id\":\"https:\\\/\\\/ajmonnet.eu\\\/#\\\/schema\\\/logo\\\/image\\\/\",\"url\":\"https:\\\/\\\/ajmonnet.eu\\\/wp-content\\\/uploads\\\/2022\\\/04\\\/AJM-Logo-Color.png\",\"contentUrl\":\"https:\\\/\\\/ajmonnet.eu\\\/wp-content\\\/uploads\\\/2022\\\/04\\\/AJM-Logo-Color.png\",\"width\":386,\"height\":241,\"caption\":\"ASSOCIATION JEAN MONNET\"},\"image\":{\"@id\":\"https:\\\/\\\/ajmonnet.eu\\\/#\\\/schema\\\/logo\\\/image\\\/\"},\"sameAs\":[\"https:\\\/\\\/www.facebook.com\\\/associationjeanmonnet\",\"https:\\\/\\\/x.com\\\/AJMonnet\",\"https:\\\/\\\/www.linkedin.com\\\/company\\\/association-jean-monnet\",\"https:\\\/\\\/bsky.app\\\/profile\\\/ajeanmonnet.bsky.social\"]},{\"@type\":\"Person\",\"@id\":\"https:\\\/\\\/ajmonnet.eu\\\/#\\\/schema\\\/person\\\/d75372ee9efa1f5270aae02e9a833f25\",\"name\":\"Fabien Chevalier\",\"image\":{\"@type\":\"ImageObject\",\"inLanguage\":\"it-IT\",\"@id\":\"https:\\\/\\\/secure.gravatar.com\\\/avatar\\\/ef28d1335a652add1f9c6fafcff2220c35588481f5a058a85b1351c0cf3dadbe?s=96&d=mm&r=g\",\"url\":\"https:\\\/\\\/secure.gravatar.com\\\/avatar\\\/ef28d1335a652add1f9c6fafcff2220c35588481f5a058a85b1351c0cf3dadbe?s=96&d=mm&r=g\",\"contentUrl\":\"https:\\\/\\\/secure.gravatar.com\\\/avatar\\\/ef28d1335a652add1f9c6fafcff2220c35588481f5a058a85b1351c0cf3dadbe?s=96&d=mm&r=g\",\"caption\":\"Fabien Chevalier\"},\"url\":\"https:\\\/\\\/ajmonnet.eu\\\/it\\\/author\\\/fabi-chev\\\/\"}]}<\/script>\n<!-- \/ Yoast SEO plugin. -->","yoast_head_json":{"title":"Appello alla mobilitazione popolare in Francia e in Europa per l'8 maggio 2025 - Associazione Jean Monnet","description":"Associazione Jean Monnet News Appello alla mobilitazione popolare in Francia e in Europa per l'8 maggio 2025","robots":{"index":"index","follow":"follow","max-snippet":"max-snippet:-1","max-image-preview":"max-image-preview:large","max-video-preview":"max-video-preview:-1"},"canonical":"https:\/\/ajmonnet.eu\/it\/appel-a-la-mobilisation-populaire-partout-en-france-et-en-europe-autour-du-8-mai-2025\/","og_locale":"it_IT","og_type":"article","og_title":"Appel \u00e0 la mobilisation populaire partout en France et en Europe autour du 8 mai 2025 - Association Jean Monnet","og_description":"Association Jean Monnet Actualit\u00e9 Appel \u00e0 la mobilisation populaire partout en France et en Europe autour du 8 mai 2025","og_url":"https:\/\/ajmonnet.eu\/it\/appel-a-la-mobilisation-populaire-partout-en-france-et-en-europe-autour-du-8-mai-2025\/","og_site_name":"Association Jean Monnet","article_publisher":"https:\/\/www.facebook.com\/associationjeanmonnet","article_published_time":"2025-04-29T05:57:08+00:00","article_modified_time":"2025-07-29T09:46:20+00:00","og_image":[{"width":1080,"height":690,"url":"https:\/\/ajmonnet.eu\/wp-content\/uploads\/2025\/04\/373039154_711353301038905_8599807087571577275_n-e1744908923290.jpg","type":"image\/jpeg"}],"author":"Fabien Chevalier","twitter_card":"summary_large_image","twitter_creator":"@AJMonnet","twitter_site":"@AJMonnet","twitter_misc":{"Scritto da":"Fabien Chevalier","Tempo di lettura stimato":"3 minuti"},"schema":{"@context":"https:\/\/schema.org","@graph":[{"@type":"Article","@id":"https:\/\/ajmonnet.eu\/appel-a-la-mobilisation-populaire-partout-en-france-et-en-europe-autour-du-8-mai-2025\/#article","isPartOf":{"@id":"https:\/\/ajmonnet.eu\/appel-a-la-mobilisation-populaire-partout-en-france-et-en-europe-autour-du-8-mai-2025\/"},"author":{"name":"Fabien Chevalier","@id":"https:\/\/ajmonnet.eu\/#\/schema\/person\/d75372ee9efa1f5270aae02e9a833f25"},"headline":"Appel \u00e0 la mobilisation populaire partout en France et en Europe autour du 8 mai 2025","datePublished":"2025-04-29T05:57:08+00:00","dateModified":"2025-07-29T09:46:20+00:00","mainEntityOfPage":{"@id":"https:\/\/ajmonnet.eu\/appel-a-la-mobilisation-populaire-partout-en-france-et-en-europe-autour-du-8-mai-2025\/"},"wordCount":519,"publisher":{"@id":"https:\/\/ajmonnet.eu\/#organization"},"image":{"@id":"https:\/\/ajmonnet.eu\/appel-a-la-mobilisation-populaire-partout-en-france-et-en-europe-autour-du-8-mai-2025\/#primaryimage"},"thumbnailUrl":"https:\/\/ajmonnet.eu\/wp-content\/uploads\/2025\/04\/373039154_711353301038905_8599807087571577275_n-e1744908923290.jpg","keywords":["Europe"],"articleSection":["Actualit\u00e9"],"inLanguage":"it-IT"},{"@type":"WebPage","@id":"https:\/\/ajmonnet.eu\/appel-a-la-mobilisation-populaire-partout-en-france-et-en-europe-autour-du-8-mai-2025\/","url":"https:\/\/ajmonnet.eu\/appel-a-la-mobilisation-populaire-partout-en-france-et-en-europe-autour-du-8-mai-2025\/","name":"Appello alla mobilitazione popolare in Francia e in Europa per l'8 maggio 2025 - Associazione Jean Monnet","isPartOf":{"@id":"https:\/\/ajmonnet.eu\/#website"},"primaryImageOfPage":{"@id":"https:\/\/ajmonnet.eu\/appel-a-la-mobilisation-populaire-partout-en-france-et-en-europe-autour-du-8-mai-2025\/#primaryimage"},"image":{"@id":"https:\/\/ajmonnet.eu\/appel-a-la-mobilisation-populaire-partout-en-france-et-en-europe-autour-du-8-mai-2025\/#primaryimage"},"thumbnailUrl":"https:\/\/ajmonnet.eu\/wp-content\/uploads\/2025\/04\/373039154_711353301038905_8599807087571577275_n-e1744908923290.jpg","datePublished":"2025-04-29T05:57:08+00:00","dateModified":"2025-07-29T09:46:20+00:00","description":"Associazione Jean Monnet News Appello alla mobilitazione popolare in Francia e in Europa per l'8 maggio 2025","breadcrumb":{"@id":"https:\/\/ajmonnet.eu\/appel-a-la-mobilisation-populaire-partout-en-france-et-en-europe-autour-du-8-mai-2025\/#breadcrumb"},"inLanguage":"it-IT","potentialAction":[{"@type":"ReadAction","target":["https:\/\/ajmonnet.eu\/appel-a-la-mobilisation-populaire-partout-en-france-et-en-europe-autour-du-8-mai-2025\/"]}]},{"@type":"ImageObject","inLanguage":"it-IT","@id":"https:\/\/ajmonnet.eu\/appel-a-la-mobilisation-populaire-partout-en-france-et-en-europe-autour-du-8-mai-2025\/#primaryimage","url":"https:\/\/ajmonnet.eu\/wp-content\/uploads\/2025\/04\/373039154_711353301038905_8599807087571577275_n-e1744908923290.jpg","contentUrl":"https:\/\/ajmonnet.eu\/wp-content\/uploads\/2025\/04\/373039154_711353301038905_8599807087571577275_n-e1744908923290.jpg","width":1080,"height":690},{"@type":"BreadcrumbList","@id":"https:\/\/ajmonnet.eu\/appel-a-la-mobilisation-populaire-partout-en-france-et-en-europe-autour-du-8-mai-2025\/#breadcrumb","itemListElement":[{"@type":"ListItem","position":1,"name":"Home","item":"https:\/\/ajmonnet.eu\/"},{"@type":"ListItem","position":2,"name":"Appel \u00e0 la mobilisation populaire partout en France et en Europe autour du 8 mai 2025"}]},{"@type":"WebSite","@id":"https:\/\/ajmonnet.eu\/#website","url":"https:\/\/ajmonnet.eu\/","name":"Associazione Jean Monnet","description":"Far rivivere le idee europee di Jean Monnet nel presente","publisher":{"@id":"https:\/\/ajmonnet.eu\/#organization"},"alternateName":"AJM","potentialAction":[{"@type":"SearchAction","target":{"@type":"EntryPoint","urlTemplate":"https:\/\/ajmonnet.eu\/?s={search_term_string}"},"query-input":{"@type":"PropertyValueSpecification","valueRequired":true,"valueName":"search_term_string"}}],"inLanguage":"it-IT"},{"@type":"Organization","@id":"https:\/\/ajmonnet.eu\/#organization","name":"ASSOCIAZIONE JEAN MONNET","alternateName":"AJM","url":"https:\/\/ajmonnet.eu\/","logo":{"@type":"ImageObject","inLanguage":"it-IT","@id":"https:\/\/ajmonnet.eu\/#\/schema\/logo\/image\/","url":"https:\/\/ajmonnet.eu\/wp-content\/uploads\/2022\/04\/AJM-Logo-Color.png","contentUrl":"https:\/\/ajmonnet.eu\/wp-content\/uploads\/2022\/04\/AJM-Logo-Color.png","width":386,"height":241,"caption":"ASSOCIATION JEAN MONNET"},"image":{"@id":"https:\/\/ajmonnet.eu\/#\/schema\/logo\/image\/"},"sameAs":["https:\/\/www.facebook.com\/associationjeanmonnet","https:\/\/x.com\/AJMonnet","https:\/\/www.linkedin.com\/company\/association-jean-monnet","https:\/\/bsky.app\/profile\/ajeanmonnet.bsky.social"]},{"@type":"Person","@id":"https:\/\/ajmonnet.eu\/#\/schema\/person\/d75372ee9efa1f5270aae02e9a833f25","name":"Fabien Chevalier","image":{"@type":"ImageObject","inLanguage":"it-IT","@id":"https:\/\/secure.gravatar.com\/avatar\/ef28d1335a652add1f9c6fafcff2220c35588481f5a058a85b1351c0cf3dadbe?s=96&d=mm&r=g","url":"https:\/\/secure.gravatar.com\/avatar\/ef28d1335a652add1f9c6fafcff2220c35588481f5a058a85b1351c0cf3dadbe?s=96&d=mm&r=g","contentUrl":"https:\/\/secure.gravatar.com\/avatar\/ef28d1335a652add1f9c6fafcff2220c35588481f5a058a85b1351c0cf3dadbe?s=96&d=mm&r=g","caption":"Fabien Chevalier"},"url":"https:\/\/ajmonnet.eu\/it\/author\/fabi-chev\/"}]}},"_links":{"self":[{"href":"https:\/\/ajmonnet.eu\/it\/wp-json\/wp\/v2\/posts\/4304","targetHints":{"allow":["GET"]}}],"collection":[{"href":"https:\/\/ajmonnet.eu\/it\/wp-json\/wp\/v2\/posts"}],"about":[{"href":"https:\/\/ajmonnet.eu\/it\/wp-json\/wp\/v2\/types\/post"}],"author":[{"embeddable":true,"href":"https:\/\/ajmonnet.eu\/it\/wp-json\/wp\/v2\/users\/4"}],"replies":[{"embeddable":true,"href":"https:\/\/ajmonnet.eu\/it\/wp-json\/wp\/v2\/comments?post=4304"}],"version-history":[{"count":1,"href":"https:\/\/ajmonnet.eu\/it\/wp-json\/wp\/v2\/posts\/4304\/revisions"}],"predecessor-version":[{"id":4306,"href":"https:\/\/ajmonnet.eu\/it\/wp-json\/wp\/v2\/posts\/4304\/revisions\/4306"}],"wp:featuredmedia":[{"embeddable":true,"href":"https:\/\/ajmonnet.eu\/it\/wp-json\/wp\/v2\/media\/4305"}],"wp:attachment":[{"href":"https:\/\/ajmonnet.eu\/it\/wp-json\/wp\/v2\/media?parent=4304"}],"wp:term":[{"taxonomy":"category","embeddable":true,"href":"https:\/\/ajmonnet.eu\/it\/wp-json\/wp\/v2\/categories?post=4304"},{"taxonomy":"post_tag","embeddable":true,"href":"https:\/\/ajmonnet.eu\/it\/wp-json\/wp\/v2\/tags?post=4304"}],"curies":[{"name":"wp","href":"https:\/\/api.w.org\/{rel}","templated":true}]}}