{"id":2834,"date":"2022-09-14T19:53:44","date_gmt":"2022-09-14T19:53:44","guid":{"rendered":"https:\/\/ajmonnet.eu\/?p=2834"},"modified":"2025-07-29T11:44:50","modified_gmt":"2025-07-29T09:44:50","slug":"un-membre-a-lhonneur","status":"publish","type":"post","link":"https:\/\/ajmonnet.eu\/it\/un-membre-a-lhonneur\/","title":{"rendered":"Un membro sotto i riflettori"},"content":{"rendered":"<p>Il 30 agosto, presso la Maison de l'Europe a Parigi, l'Associazione Jean Monnet ha organizzato un ricevimento in onore di<a href=\"https:\/\/ajmonnet.eu\/it\/members\/olivier-vedrine\/\" target=\"_blank\" rel=\"noreferrer noopener\">Olivier V\u00e9drine<\/a> per la presentazione delle Palmes acad\u00e9miques.<\/p>\n\n\n\n<p>Molte persone, familiari, amici e personalit\u00e0 hanno circondato Olivier per questo evento che premiava il suo lavoro di giornalista e il suo <a href=\"https:\/\/ajmonnet.eu\/it\/restest\/\" target=\"_blank\" rel=\"noreferrer noopener\">impegno per l'Ucraina<\/a>.<\/p>\n\n\n\n<figure class=\"wp-block-image size-large\"><img loading=\"lazy\" decoding=\"async\" width=\"1024\" height=\"768\" src=\"https:\/\/ajmonnet.eu\/wp-content\/uploads\/2022\/09\/20220830104338-1024x768.jpg\" alt=\"\" class=\"wp-image-2835\" srcset=\"https:\/\/ajmonnet.eu\/wp-content\/uploads\/2022\/09\/20220830104338-1024x768.jpg 1024w, https:\/\/ajmonnet.eu\/wp-content\/uploads\/2022\/09\/20220830104338-300x225.jpg 300w, https:\/\/ajmonnet.eu\/wp-content\/uploads\/2022\/09\/20220830104338-768x576.jpg 768w, https:\/\/ajmonnet.eu\/wp-content\/uploads\/2022\/09\/20220830104338-1536x1152.jpg 1536w, https:\/\/ajmonnet.eu\/wp-content\/uploads\/2022\/09\/20220830104338-16x12.jpg 16w, https:\/\/ajmonnet.eu\/wp-content\/uploads\/2022\/09\/20220830104338.jpg 2048w\" sizes=\"auto, (max-width: 1024px) 100vw, 1024px\" \/><\/figure>\n\n\n\n<p>Erano presenti, tra gli altri, le sue eccellenze Etienne de Poncins - ambasciatore francese in Ucraina, Vadym Omelchenko - ambasciatore ucraino in Francia, Olivier Cuissard - direttore del Campus dell'Universit\u00e0 Cattolica di Reims, Vincent Dorival - presidente dell'Associazione Ultraops, Colin Cameron - membro del consiglio di amministrazione di EuroD\u00e9fense-France,<br>i suoi colleghi giornalisti e collaboratori di LCI: Margot Haddad, Caroline Didier, Alexandre Melnik, Sergue\u00ef Jirnov, il generale Nicolas Richoux, Nathalie Chrin, Alla Poedie, Volodymyr Poselsky, oltre a giornalisti e specialisti di relazioni internazionali di varie universit\u00e0, Ursula Serafin, direttrice della Maison de l'Europe di Parigi, <br>... e per l'Associazione Jean Monnet: Philippe Laurette - Presidente, Henri Malosse - Presidente del Comitato direttivo, Monica Radu - Vicepresidente, Fabien Chevalier - Segretario generale, Patrick Martin-Genier e Pascal Junghans amministratori e membri.<\/p>\n\n\n\n<p>Dopo gli interventi di Philippe Laurette, Henri Malosse, Alexandre Melnik e Etienne de Poncins, l'ambasciatore ha proceduto alla decorazione di Olivier. <\/p>\n\n\n\n<div class=\"wp-block-columns is-layout-flex wp-container-core-columns-is-layout-9d6595d7 wp-block-columns-is-layout-flex\">\n<div class=\"wp-block-column is-layout-flow wp-block-column-is-layout-flow\" style=\"flex-basis:33.33%\">\n<figure class=\"wp-block-image size-large\"><img loading=\"lazy\" decoding=\"async\" width=\"768\" height=\"1024\" src=\"https:\/\/ajmonnet.eu\/wp-content\/uploads\/2022\/09\/WhatsApp-Image-2022-08-31-at-13.15.19-768x1024.jpeg\" alt=\"\" class=\"wp-image-2836\" srcset=\"https:\/\/ajmonnet.eu\/wp-content\/uploads\/2022\/09\/WhatsApp-Image-2022-08-31-at-13.15.19-768x1024.jpeg 768w, https:\/\/ajmonnet.eu\/wp-content\/uploads\/2022\/09\/WhatsApp-Image-2022-08-31-at-13.15.19-225x300.jpeg 225w, https:\/\/ajmonnet.eu\/wp-content\/uploads\/2022\/09\/WhatsApp-Image-2022-08-31-at-13.15.19-1152x1536.jpeg 1152w, https:\/\/ajmonnet.eu\/wp-content\/uploads\/2022\/09\/WhatsApp-Image-2022-08-31-at-13.15.19-9x12.jpeg 9w, https:\/\/ajmonnet.eu\/wp-content\/uploads\/2022\/09\/WhatsApp-Image-2022-08-31-at-13.15.19.jpeg 1200w\" sizes=\"auto, (max-width: 768px) 100vw, 768px\" \/><\/figure>\n<\/div>\n\n\n\n<div class=\"wp-block-column is-layout-flow wp-block-column-is-layout-flow\" style=\"flex-basis:66.66%\">\n<p>Quest'ultimo ha ricordato il suo coinvolgimento a partire dalla rivoluzione di Maidan, che ha portato all'insediamento di un governo pro-europeo, la produzione di film e programmi per la televisione ucraina sull'Europa e la sua partecipazione all'opposizione russa.<\/p>\n\n\n\n<p>Olivier ha poi dato la parola all'amica Julia Gershun, presidente della fondazione \"PEACE COMMITEE\", impegnata fin dall'inizio della guerra nell'aiuto all'evacuazione dei bambini, che ha presentato i progetti della sua fondazione a favore dell'Ucraina e dei rifugiati.<\/p>\n<\/div>\n<\/div>\n\n\n\n<p><\/p>","protected":false},"excerpt":{"rendered":"<p>Le 30 ao\u00fbt, \u00e0 la Maison de l\u2019Europe de Paris, l\u2019Association Jean Monnet a organis\u00e9 une r\u00e9ception en l\u2019honneur d\u2019Olivier V\u00e9drine pour sa remise des Palmes acad\u00e9miques. De nombreuses personnes, famille, amis et personnalit\u00e9s entour\u00e9es Olivier pour cet \u00e9v\u00e8nement r\u00e9compensant son travail de journaliste et son engagement pour l\u2019Ukraine. Etaient entre autres pr\u00e9sents ses excellences [&hellip;]<\/p>\n","protected":false},"author":4,"featured_media":2837,"comment_status":"closed","ping_status":"open","sticky":false,"template":"","format":"standard","meta":{"_acf_changed":false,"footnotes":""},"categories":[3],"tags":[7],"class_list":["post-2834","post","type-post","status-publish","format-standard","has-post-thumbnail","hentry","category-ukraine","tag-ukraine"],"acf":[],"yoast_head":"<!-- This site is optimized with the Yoast SEO plugin v27.4 - https:\/\/yoast.com\/product\/yoast-seo-wordpress\/ -->\n<title>Un membre \u00e0 l&#039;honneur - Association Jean Monnet<\/title>\n<meta name=\"description\" content=\"L\u2019association Jean Monnet a organis\u00e9 une r\u00e9ception en l\u2019honneur d\u2019Olivier V\u00e9drine pour sa remise des palmes acad\u00e9miques.\" \/>\n<meta name=\"robots\" content=\"index, follow, max-snippet:-1, max-image-preview:large, max-video-preview:-1\" \/>\n<link rel=\"canonical\" href=\"https:\/\/ajmonnet.eu\/it\/un-membre-a-lhonneur\/\" \/>\n<meta property=\"og:locale\" content=\"it_IT\" \/>\n<meta property=\"og:type\" content=\"article\" \/>\n<meta property=\"og:title\" content=\"Un membre \u00e0 l&#039;honneur - Association Jean Monnet\" \/>\n<meta property=\"og:description\" content=\"L\u2019association Jean Monnet a organis\u00e9 une r\u00e9ception en l\u2019honneur d\u2019Olivier V\u00e9drine pour sa remise des palmes acad\u00e9miques.\" \/>\n<meta property=\"og:url\" content=\"https:\/\/ajmonnet.eu\/it\/un-membre-a-lhonneur\/\" \/>\n<meta property=\"og:site_name\" content=\"Association Jean Monnet\" \/>\n<meta property=\"article:publisher\" content=\"https:\/\/www.facebook.com\/associationjeanmonnet\" \/>\n<meta property=\"article:published_time\" content=\"2022-09-14T19:53:44+00:00\" \/>\n<meta property=\"article:modified_time\" content=\"2025-07-29T09:44:50+00:00\" \/>\n<meta property=\"og:image\" content=\"https:\/\/ajmonnet.eu\/wp-content\/uploads\/2022\/09\/20220830103334-e1663185175621.jpg\" \/>\n\t<meta property=\"og:image:width\" content=\"2048\" \/>\n\t<meta property=\"og:image:height\" content=\"1131\" \/>\n\t<meta property=\"og:image:type\" content=\"image\/jpeg\" \/>\n<meta name=\"author\" content=\"Fabien Chevalier\" \/>\n<meta name=\"twitter:card\" content=\"summary_large_image\" \/>\n<meta name=\"twitter:creator\" content=\"@AJMonnet\" \/>\n<meta name=\"twitter:site\" content=\"@AJMonnet\" \/>\n<meta name=\"twitter:label1\" content=\"Scritto da\" \/>\n\t<meta name=\"twitter:data1\" content=\"Fabien Chevalier\" \/>\n\t<meta name=\"twitter:label2\" content=\"Tempo di lettura stimato\" \/>\n\t<meta name=\"twitter:data2\" content=\"2 minuti\" \/>\n<script type=\"application\/ld+json\" class=\"yoast-schema-graph\">{\"@context\":\"https:\\\/\\\/schema.org\",\"@graph\":[{\"@type\":\"Article\",\"@id\":\"https:\\\/\\\/ajmonnet.eu\\\/un-membre-a-lhonneur\\\/#article\",\"isPartOf\":{\"@id\":\"https:\\\/\\\/ajmonnet.eu\\\/un-membre-a-lhonneur\\\/\"},\"author\":{\"name\":\"Fabien Chevalier\",\"@id\":\"https:\\\/\\\/ajmonnet.eu\\\/#\\\/schema\\\/person\\\/d75372ee9efa1f5270aae02e9a833f25\"},\"headline\":\"Un membre \u00e0 l&rsquo;honneur\",\"datePublished\":\"2022-09-14T19:53:44+00:00\",\"dateModified\":\"2025-07-29T09:44:50+00:00\",\"mainEntityOfPage\":{\"@id\":\"https:\\\/\\\/ajmonnet.eu\\\/un-membre-a-lhonneur\\\/\"},\"wordCount\":349,\"publisher\":{\"@id\":\"https:\\\/\\\/ajmonnet.eu\\\/#organization\"},\"image\":{\"@id\":\"https:\\\/\\\/ajmonnet.eu\\\/un-membre-a-lhonneur\\\/#primaryimage\"},\"thumbnailUrl\":\"https:\\\/\\\/ajmonnet.eu\\\/wp-content\\\/uploads\\\/2022\\\/09\\\/20220830103334-e1663185175621.jpg\",\"keywords\":[\"Ukraine\"],\"articleSection\":[\"Ukraine\"],\"inLanguage\":\"it-IT\"},{\"@type\":\"WebPage\",\"@id\":\"https:\\\/\\\/ajmonnet.eu\\\/un-membre-a-lhonneur\\\/\",\"url\":\"https:\\\/\\\/ajmonnet.eu\\\/un-membre-a-lhonneur\\\/\",\"name\":\"Un membre \u00e0 l'honneur - Association Jean Monnet\",\"isPartOf\":{\"@id\":\"https:\\\/\\\/ajmonnet.eu\\\/#website\"},\"primaryImageOfPage\":{\"@id\":\"https:\\\/\\\/ajmonnet.eu\\\/un-membre-a-lhonneur\\\/#primaryimage\"},\"image\":{\"@id\":\"https:\\\/\\\/ajmonnet.eu\\\/un-membre-a-lhonneur\\\/#primaryimage\"},\"thumbnailUrl\":\"https:\\\/\\\/ajmonnet.eu\\\/wp-content\\\/uploads\\\/2022\\\/09\\\/20220830103334-e1663185175621.jpg\",\"datePublished\":\"2022-09-14T19:53:44+00:00\",\"dateModified\":\"2025-07-29T09:44:50+00:00\",\"description\":\"L\u2019association Jean Monnet a organis\u00e9 une r\u00e9ception en l\u2019honneur d\u2019Olivier V\u00e9drine pour sa remise des palmes acad\u00e9miques.\",\"breadcrumb\":{\"@id\":\"https:\\\/\\\/ajmonnet.eu\\\/un-membre-a-lhonneur\\\/#breadcrumb\"},\"inLanguage\":\"it-IT\",\"potentialAction\":[{\"@type\":\"ReadAction\",\"target\":[\"https:\\\/\\\/ajmonnet.eu\\\/un-membre-a-lhonneur\\\/\"]}]},{\"@type\":\"ImageObject\",\"inLanguage\":\"it-IT\",\"@id\":\"https:\\\/\\\/ajmonnet.eu\\\/un-membre-a-lhonneur\\\/#primaryimage\",\"url\":\"https:\\\/\\\/ajmonnet.eu\\\/wp-content\\\/uploads\\\/2022\\\/09\\\/20220830103334-e1663185175621.jpg\",\"contentUrl\":\"https:\\\/\\\/ajmonnet.eu\\\/wp-content\\\/uploads\\\/2022\\\/09\\\/20220830103334-e1663185175621.jpg\",\"width\":2048,\"height\":1131},{\"@type\":\"BreadcrumbList\",\"@id\":\"https:\\\/\\\/ajmonnet.eu\\\/un-membre-a-lhonneur\\\/#breadcrumb\",\"itemListElement\":[{\"@type\":\"ListItem\",\"position\":1,\"name\":\"Home\",\"item\":\"https:\\\/\\\/ajmonnet.eu\\\/\"},{\"@type\":\"ListItem\",\"position\":2,\"name\":\"Un membre \u00e0 l&rsquo;honneur\"}]},{\"@type\":\"WebSite\",\"@id\":\"https:\\\/\\\/ajmonnet.eu\\\/#website\",\"url\":\"https:\\\/\\\/ajmonnet.eu\\\/\",\"name\":\"Association Jean Monnet\",\"description\":\"Faire vivre au temps pr\u00e9sent les id\u00e9es europ\u00e9ennes de Jean Monnet\",\"publisher\":{\"@id\":\"https:\\\/\\\/ajmonnet.eu\\\/#organization\"},\"alternateName\":\"AJM\",\"potentialAction\":[{\"@type\":\"SearchAction\",\"target\":{\"@type\":\"EntryPoint\",\"urlTemplate\":\"https:\\\/\\\/ajmonnet.eu\\\/?s={search_term_string}\"},\"query-input\":{\"@type\":\"PropertyValueSpecification\",\"valueRequired\":true,\"valueName\":\"search_term_string\"}}],\"inLanguage\":\"it-IT\"},{\"@type\":\"Organization\",\"@id\":\"https:\\\/\\\/ajmonnet.eu\\\/#organization\",\"name\":\"ASSOCIATION JEAN MONNET\",\"alternateName\":\"AJM\",\"url\":\"https:\\\/\\\/ajmonnet.eu\\\/\",\"logo\":{\"@type\":\"ImageObject\",\"inLanguage\":\"it-IT\",\"@id\":\"https:\\\/\\\/ajmonnet.eu\\\/#\\\/schema\\\/logo\\\/image\\\/\",\"url\":\"https:\\\/\\\/ajmonnet.eu\\\/wp-content\\\/uploads\\\/2022\\\/04\\\/AJM-Logo-Color.png\",\"contentUrl\":\"https:\\\/\\\/ajmonnet.eu\\\/wp-content\\\/uploads\\\/2022\\\/04\\\/AJM-Logo-Color.png\",\"width\":386,\"height\":241,\"caption\":\"ASSOCIATION JEAN MONNET\"},\"image\":{\"@id\":\"https:\\\/\\\/ajmonnet.eu\\\/#\\\/schema\\\/logo\\\/image\\\/\"},\"sameAs\":[\"https:\\\/\\\/www.facebook.com\\\/associationjeanmonnet\",\"https:\\\/\\\/x.com\\\/AJMonnet\",\"https:\\\/\\\/www.linkedin.com\\\/company\\\/association-jean-monnet\",\"https:\\\/\\\/bsky.app\\\/profile\\\/ajeanmonnet.bsky.social\"]},{\"@type\":\"Person\",\"@id\":\"https:\\\/\\\/ajmonnet.eu\\\/#\\\/schema\\\/person\\\/d75372ee9efa1f5270aae02e9a833f25\",\"name\":\"Fabien Chevalier\",\"image\":{\"@type\":\"ImageObject\",\"inLanguage\":\"it-IT\",\"@id\":\"https:\\\/\\\/secure.gravatar.com\\\/avatar\\\/ef28d1335a652add1f9c6fafcff2220c35588481f5a058a85b1351c0cf3dadbe?s=96&d=mm&r=g\",\"url\":\"https:\\\/\\\/secure.gravatar.com\\\/avatar\\\/ef28d1335a652add1f9c6fafcff2220c35588481f5a058a85b1351c0cf3dadbe?s=96&d=mm&r=g\",\"contentUrl\":\"https:\\\/\\\/secure.gravatar.com\\\/avatar\\\/ef28d1335a652add1f9c6fafcff2220c35588481f5a058a85b1351c0cf3dadbe?s=96&d=mm&r=g\",\"caption\":\"Fabien Chevalier\"},\"url\":\"https:\\\/\\\/ajmonnet.eu\\\/it\\\/author\\\/fabi-chev\\\/\"}]}<\/script>\n<!-- \/ Yoast SEO plugin. -->","yoast_head_json":{"title":"Un membro sotto i riflettori - Associazione Jean Monnet","description":"L'Associazione Jean Monnet ha organizzato un ricevimento in onore di Olivier V\u00e9drine, premiato con le Palmes acad\u00e9miques.","robots":{"index":"index","follow":"follow","max-snippet":"max-snippet:-1","max-image-preview":"max-image-preview:large","max-video-preview":"max-video-preview:-1"},"canonical":"https:\/\/ajmonnet.eu\/it\/un-membre-a-lhonneur\/","og_locale":"it_IT","og_type":"article","og_title":"Un membre \u00e0 l'honneur - Association Jean Monnet","og_description":"L\u2019association Jean Monnet a organis\u00e9 une r\u00e9ception en l\u2019honneur d\u2019Olivier V\u00e9drine pour sa remise des palmes acad\u00e9miques.","og_url":"https:\/\/ajmonnet.eu\/it\/un-membre-a-lhonneur\/","og_site_name":"Association Jean Monnet","article_publisher":"https:\/\/www.facebook.com\/associationjeanmonnet","article_published_time":"2022-09-14T19:53:44+00:00","article_modified_time":"2025-07-29T09:44:50+00:00","og_image":[{"width":2048,"height":1131,"url":"https:\/\/ajmonnet.eu\/wp-content\/uploads\/2022\/09\/20220830103334-e1663185175621.jpg","type":"image\/jpeg"}],"author":"Fabien Chevalier","twitter_card":"summary_large_image","twitter_creator":"@AJMonnet","twitter_site":"@AJMonnet","twitter_misc":{"Scritto da":"Fabien Chevalier","Tempo di lettura stimato":"2 minuti"},"schema":{"@context":"https:\/\/schema.org","@graph":[{"@type":"Article","@id":"https:\/\/ajmonnet.eu\/un-membre-a-lhonneur\/#article","isPartOf":{"@id":"https:\/\/ajmonnet.eu\/un-membre-a-lhonneur\/"},"author":{"name":"Fabien Chevalier","@id":"https:\/\/ajmonnet.eu\/#\/schema\/person\/d75372ee9efa1f5270aae02e9a833f25"},"headline":"Un membre \u00e0 l&rsquo;honneur","datePublished":"2022-09-14T19:53:44+00:00","dateModified":"2025-07-29T09:44:50+00:00","mainEntityOfPage":{"@id":"https:\/\/ajmonnet.eu\/un-membre-a-lhonneur\/"},"wordCount":349,"publisher":{"@id":"https:\/\/ajmonnet.eu\/#organization"},"image":{"@id":"https:\/\/ajmonnet.eu\/un-membre-a-lhonneur\/#primaryimage"},"thumbnailUrl":"https:\/\/ajmonnet.eu\/wp-content\/uploads\/2022\/09\/20220830103334-e1663185175621.jpg","keywords":["Ukraine"],"articleSection":["Ukraine"],"inLanguage":"it-IT"},{"@type":"WebPage","@id":"https:\/\/ajmonnet.eu\/un-membre-a-lhonneur\/","url":"https:\/\/ajmonnet.eu\/un-membre-a-lhonneur\/","name":"Un membro sotto i riflettori - Associazione Jean Monnet","isPartOf":{"@id":"https:\/\/ajmonnet.eu\/#website"},"primaryImageOfPage":{"@id":"https:\/\/ajmonnet.eu\/un-membre-a-lhonneur\/#primaryimage"},"image":{"@id":"https:\/\/ajmonnet.eu\/un-membre-a-lhonneur\/#primaryimage"},"thumbnailUrl":"https:\/\/ajmonnet.eu\/wp-content\/uploads\/2022\/09\/20220830103334-e1663185175621.jpg","datePublished":"2022-09-14T19:53:44+00:00","dateModified":"2025-07-29T09:44:50+00:00","description":"L'Associazione Jean Monnet ha organizzato un ricevimento in onore di Olivier V\u00e9drine, premiato con le Palmes acad\u00e9miques.","breadcrumb":{"@id":"https:\/\/ajmonnet.eu\/un-membre-a-lhonneur\/#breadcrumb"},"inLanguage":"it-IT","potentialAction":[{"@type":"ReadAction","target":["https:\/\/ajmonnet.eu\/un-membre-a-lhonneur\/"]}]},{"@type":"ImageObject","inLanguage":"it-IT","@id":"https:\/\/ajmonnet.eu\/un-membre-a-lhonneur\/#primaryimage","url":"https:\/\/ajmonnet.eu\/wp-content\/uploads\/2022\/09\/20220830103334-e1663185175621.jpg","contentUrl":"https:\/\/ajmonnet.eu\/wp-content\/uploads\/2022\/09\/20220830103334-e1663185175621.jpg","width":2048,"height":1131},{"@type":"BreadcrumbList","@id":"https:\/\/ajmonnet.eu\/un-membre-a-lhonneur\/#breadcrumb","itemListElement":[{"@type":"ListItem","position":1,"name":"Home","item":"https:\/\/ajmonnet.eu\/"},{"@type":"ListItem","position":2,"name":"Un membre \u00e0 l&rsquo;honneur"}]},{"@type":"WebSite","@id":"https:\/\/ajmonnet.eu\/#website","url":"https:\/\/ajmonnet.eu\/","name":"Associazione Jean Monnet","description":"Far rivivere le idee europee di Jean Monnet nel presente","publisher":{"@id":"https:\/\/ajmonnet.eu\/#organization"},"alternateName":"AJM","potentialAction":[{"@type":"SearchAction","target":{"@type":"EntryPoint","urlTemplate":"https:\/\/ajmonnet.eu\/?s={search_term_string}"},"query-input":{"@type":"PropertyValueSpecification","valueRequired":true,"valueName":"search_term_string"}}],"inLanguage":"it-IT"},{"@type":"Organization","@id":"https:\/\/ajmonnet.eu\/#organization","name":"ASSOCIAZIONE JEAN MONNET","alternateName":"AJM","url":"https:\/\/ajmonnet.eu\/","logo":{"@type":"ImageObject","inLanguage":"it-IT","@id":"https:\/\/ajmonnet.eu\/#\/schema\/logo\/image\/","url":"https:\/\/ajmonnet.eu\/wp-content\/uploads\/2022\/04\/AJM-Logo-Color.png","contentUrl":"https:\/\/ajmonnet.eu\/wp-content\/uploads\/2022\/04\/AJM-Logo-Color.png","width":386,"height":241,"caption":"ASSOCIATION JEAN MONNET"},"image":{"@id":"https:\/\/ajmonnet.eu\/#\/schema\/logo\/image\/"},"sameAs":["https:\/\/www.facebook.com\/associationjeanmonnet","https:\/\/x.com\/AJMonnet","https:\/\/www.linkedin.com\/company\/association-jean-monnet","https:\/\/bsky.app\/profile\/ajeanmonnet.bsky.social"]},{"@type":"Person","@id":"https:\/\/ajmonnet.eu\/#\/schema\/person\/d75372ee9efa1f5270aae02e9a833f25","name":"Fabien Chevalier","image":{"@type":"ImageObject","inLanguage":"it-IT","@id":"https:\/\/secure.gravatar.com\/avatar\/ef28d1335a652add1f9c6fafcff2220c35588481f5a058a85b1351c0cf3dadbe?s=96&d=mm&r=g","url":"https:\/\/secure.gravatar.com\/avatar\/ef28d1335a652add1f9c6fafcff2220c35588481f5a058a85b1351c0cf3dadbe?s=96&d=mm&r=g","contentUrl":"https:\/\/secure.gravatar.com\/avatar\/ef28d1335a652add1f9c6fafcff2220c35588481f5a058a85b1351c0cf3dadbe?s=96&d=mm&r=g","caption":"Fabien Chevalier"},"url":"https:\/\/ajmonnet.eu\/it\/author\/fabi-chev\/"}]}},"_links":{"self":[{"href":"https:\/\/ajmonnet.eu\/it\/wp-json\/wp\/v2\/posts\/2834","targetHints":{"allow":["GET"]}}],"collection":[{"href":"https:\/\/ajmonnet.eu\/it\/wp-json\/wp\/v2\/posts"}],"about":[{"href":"https:\/\/ajmonnet.eu\/it\/wp-json\/wp\/v2\/types\/post"}],"author":[{"embeddable":true,"href":"https:\/\/ajmonnet.eu\/it\/wp-json\/wp\/v2\/users\/4"}],"replies":[{"embeddable":true,"href":"https:\/\/ajmonnet.eu\/it\/wp-json\/wp\/v2\/comments?post=2834"}],"version-history":[{"count":4,"href":"https:\/\/ajmonnet.eu\/it\/wp-json\/wp\/v2\/posts\/2834\/revisions"}],"predecessor-version":[{"id":3164,"href":"https:\/\/ajmonnet.eu\/it\/wp-json\/wp\/v2\/posts\/2834\/revisions\/3164"}],"wp:featuredmedia":[{"embeddable":true,"href":"https:\/\/ajmonnet.eu\/it\/wp-json\/wp\/v2\/media\/2837"}],"wp:attachment":[{"href":"https:\/\/ajmonnet.eu\/it\/wp-json\/wp\/v2\/media?parent=2834"}],"wp:term":[{"taxonomy":"category","embeddable":true,"href":"https:\/\/ajmonnet.eu\/it\/wp-json\/wp\/v2\/categories?post=2834"},{"taxonomy":"post_tag","embeddable":true,"href":"https:\/\/ajmonnet.eu\/it\/wp-json\/wp\/v2\/tags?post=2834"}],"curies":[{"name":"wp","href":"https:\/\/api.w.org\/{rel}","templated":true}]}}