{"id":4304,"date":"2025-04-29T07:57:08","date_gmt":"2025-04-29T05:57:08","guid":{"rendered":"https:\/\/ajmonnet.eu\/?p=4304"},"modified":"2025-07-29T11:46:20","modified_gmt":"2025-07-29T09:46:20","slug":"appel-a-la-mobilisation-populaire-partout-en-france-et-en-europe-autour-du-8-mai-2025","status":"publish","type":"post","link":"https:\/\/ajmonnet.eu\/es\/appel-a-la-mobilisation-populaire-partout-en-france-et-en-europe-autour-du-8-mai-2025\/","title":{"rendered":"Llamamiento a la movilizaci\u00f3n popular en toda Francia y Europa en torno al 8 de mayo de 2025"},"content":{"rendered":"<p>Hace 80 a\u00f1os, los europeos celebraron la victoria sobre el fascismo y el nazismo en Europa. En este 80 aniversario, queremos m\u00e1s que nunca preservar la Europa libre y unida que hemos heredado, y que ahora vemos amenazada.&nbsp;<\/p>\n\n\n\n<p>A partir de esta experiencia de la guerra y de los cr\u00edmenes de los reg\u00edmenes totalitarios, los hombres y mujeres de despu\u00e9s de la Segunda Guerra Mundial idearon planes resueltos y ambiciosos para hacer imposible la guerra en Europa y en todo el mundo. Para superar el estado end\u00e9mico de guerra en Europa y en el mundo, nuestros predecesores construyeron un orden internacional basado en el derecho garantizado por las instituciones internacionales; elevaron la dignidad humana y los derechos humanos por encima de los poderes soberanos de los Estados para garantizar que estos horrores nunca volvieran a repetirse; dieron forma a nuestras democracias liberales y a nuestros modelos de protecci\u00f3n social; unieron a Europa en torno a estos principios y estos derechos. Este es el proyecto que fue la g\u00e9nesis de la Uni\u00f3n Europea que hoy conocemos, y que nos ha dado ochenta a\u00f1os de paz en su seno. Somos sus herederos y tenemos la responsabilidad de transmitir este legado a nuestro vez.<\/p>\n\n\n\n<p>Enfrentados una vez m\u00e1s a una ret\u00f3rica nacionalista, a amenazas y a guerras imperialistas en Europa y en todo el mundo sin precedentes desde el final de la Segunda Guerra Mundial, hoy queremos resistir y actuar para proteger los cimientos de la paz, la democracia, los derechos y la unidad europea que hemos ayudado a construir e implantar. Queremos reiterar nuestro apoyo al pueblo ucraniano, que comparte estos valores y resiste para conquistar la paz y la seguridad.<\/p>\n\n\n\n<p>El proyecto de paz, libertad y democracia, igualdad y solidaridad, respeto a todo ser humano, sigue siendo hoy un modelo cre\u00edble para la unificaci\u00f3n de Europa y la pacificaci\u00f3n del mundo. Es una alternativa a los nacional-populismos y a los nuevos imperialismos en ascenso en Europa y en el mundo.<\/p>\n\n\n\n<p>Por eso nos reunimos en Francia y en Europa los d\u00edas 8 y 9 de mayo de 2025 para reafirmar nuestra adhesi\u00f3n visceral a la paz y a la democracia para una Europa libre y unida.<\/p>\n\n\n\n<p><strong>Organizaciones nacionales signatarias<\/strong><\/p>\n\n\n\n<ul class=\"wp-block-list\">\n<li>Movimiento Europeo - Francia y sus secciones locales<\/li>\n\n\n\n<li>Asociaci\u00f3n Jean Monnet<\/li>\n\n\n\n<li>Jeunes Europ\u00e9ens - Francia y sus secciones locales<\/li>\n\n\n\n<li>Union des f\u00e9d\u00e9ralistes europ\u00e9ens Francia y sus secciones locales<\/li>\n\n\n\n<li>F\u00e9d\u00e9ration fran\u00e7aise des Maisons de l'Europe y varias Maisons de l'Europe<\/li>\n\n\n\n<li>Euradio<\/li>\n\n\n\n<li>Fundaci\u00f3n Hippocrene<\/li>\n\n\n\n<li>Centro Cultural Europeo<\/li>\n\n\n\n<li>EuropaNova<\/li>\n\n\n\n<li>FAGE - Federaci\u00f3n de Asociaciones Generales de Estudiantes<\/li>\n\n\n\n<li>ARES - Federaci\u00f3n Nacional de Asociaciones que Representan a los Estudiantes de Ciencias Sociales<\/li>\n\n\n\n<li>Le Droit Humain Francia<\/li>\n<\/ul>\n\n\n\n<div class=\"wp-block-buttons is-layout-flex wp-block-buttons-is-layout-flex\">\n<div class=\"wp-block-button\"><a class=\"wp-block-button__link has-vivid-cyan-blue-background-color has-background wp-element-button\" href=\"https:\/\/mouvement-europeen.eu\/resister-pour-une-europe-libre-et-unie\/\">Firma el llamamiento a la acci\u00f3n<\/a><\/div>\n<\/div>","protected":false},"excerpt":{"rendered":"<p>Il y a 80 ans, les Europ\u00e9ens c\u00e9l\u00e9braient la victoire sur le fascisme et le nazisme en Europe. En ce 80e anniversaire, nous voulons plus que jamais pr\u00e9server l\u2019Europe libre et unie dont nous avons h\u00e9rit\u00e9e, et que nous voyons aujourd\u2019hui menac\u00e9e.&nbsp; De cette exp\u00e9rience de la guerre et des crimes des r\u00e9gimes totalitaires, des [&hellip;]<\/p>\n","protected":false},"author":4,"featured_media":4305,"comment_status":"closed","ping_status":"open","sticky":false,"template":"","format":"standard","meta":{"_acf_changed":false,"footnotes":""},"categories":[31],"tags":[6],"class_list":["post-4304","post","type-post","status-publish","format-standard","has-post-thumbnail","hentry","category-actualite","tag-europe"],"acf":[],"yoast_head":"<!-- This site is optimized with the Yoast SEO plugin v27.4 - https:\/\/yoast.com\/product\/yoast-seo-wordpress\/ -->\n<title>Appel \u00e0 la mobilisation populaire partout en France et en Europe autour du 8 mai 2025 - Association Jean Monnet<\/title>\n<meta name=\"description\" content=\"Association Jean Monnet Actualit\u00e9 Appel \u00e0 la mobilisation populaire partout en France et en Europe autour du 8 mai 2025\" \/>\n<meta name=\"robots\" content=\"index, follow, max-snippet:-1, max-image-preview:large, max-video-preview:-1\" \/>\n<link rel=\"canonical\" href=\"https:\/\/ajmonnet.eu\/es\/appel-a-la-mobilisation-populaire-partout-en-france-et-en-europe-autour-du-8-mai-2025\/\" \/>\n<meta property=\"og:locale\" content=\"es_ES\" \/>\n<meta property=\"og:type\" content=\"article\" \/>\n<meta property=\"og:title\" content=\"Appel \u00e0 la mobilisation populaire partout en France et en Europe autour du 8 mai 2025 - Association Jean Monnet\" \/>\n<meta property=\"og:description\" content=\"Association Jean Monnet Actualit\u00e9 Appel \u00e0 la mobilisation populaire partout en France et en Europe autour du 8 mai 2025\" \/>\n<meta property=\"og:url\" content=\"https:\/\/ajmonnet.eu\/es\/appel-a-la-mobilisation-populaire-partout-en-france-et-en-europe-autour-du-8-mai-2025\/\" \/>\n<meta property=\"og:site_name\" content=\"Association Jean Monnet\" \/>\n<meta property=\"article:publisher\" content=\"https:\/\/www.facebook.com\/associationjeanmonnet\" \/>\n<meta property=\"article:published_time\" content=\"2025-04-29T05:57:08+00:00\" \/>\n<meta property=\"article:modified_time\" content=\"2025-07-29T09:46:20+00:00\" \/>\n<meta property=\"og:image\" content=\"https:\/\/ajmonnet.eu\/wp-content\/uploads\/2025\/04\/373039154_711353301038905_8599807087571577275_n-e1744908923290.jpg\" \/>\n\t<meta property=\"og:image:width\" content=\"1080\" \/>\n\t<meta property=\"og:image:height\" content=\"690\" \/>\n\t<meta property=\"og:image:type\" content=\"image\/jpeg\" \/>\n<meta name=\"author\" content=\"Fabien Chevalier\" \/>\n<meta name=\"twitter:card\" content=\"summary_large_image\" \/>\n<meta name=\"twitter:creator\" content=\"@AJMonnet\" \/>\n<meta name=\"twitter:site\" content=\"@AJMonnet\" \/>\n<meta name=\"twitter:label1\" content=\"Escrito por\" \/>\n\t<meta name=\"twitter:data1\" content=\"Fabien Chevalier\" \/>\n\t<meta name=\"twitter:label2\" content=\"Tiempo de lectura\" \/>\n\t<meta name=\"twitter:data2\" content=\"3 minutos\" \/>\n<script type=\"application\/ld+json\" class=\"yoast-schema-graph\">{\"@context\":\"https:\\\/\\\/schema.org\",\"@graph\":[{\"@type\":\"Article\",\"@id\":\"https:\\\/\\\/ajmonnet.eu\\\/appel-a-la-mobilisation-populaire-partout-en-france-et-en-europe-autour-du-8-mai-2025\\\/#article\",\"isPartOf\":{\"@id\":\"https:\\\/\\\/ajmonnet.eu\\\/appel-a-la-mobilisation-populaire-partout-en-france-et-en-europe-autour-du-8-mai-2025\\\/\"},\"author\":{\"name\":\"Fabien Chevalier\",\"@id\":\"https:\\\/\\\/ajmonnet.eu\\\/#\\\/schema\\\/person\\\/d75372ee9efa1f5270aae02e9a833f25\"},\"headline\":\"Appel \u00e0 la mobilisation populaire partout en France et en Europe autour du 8 mai 2025\",\"datePublished\":\"2025-04-29T05:57:08+00:00\",\"dateModified\":\"2025-07-29T09:46:20+00:00\",\"mainEntityOfPage\":{\"@id\":\"https:\\\/\\\/ajmonnet.eu\\\/appel-a-la-mobilisation-populaire-partout-en-france-et-en-europe-autour-du-8-mai-2025\\\/\"},\"wordCount\":519,\"publisher\":{\"@id\":\"https:\\\/\\\/ajmonnet.eu\\\/#organization\"},\"image\":{\"@id\":\"https:\\\/\\\/ajmonnet.eu\\\/appel-a-la-mobilisation-populaire-partout-en-france-et-en-europe-autour-du-8-mai-2025\\\/#primaryimage\"},\"thumbnailUrl\":\"https:\\\/\\\/ajmonnet.eu\\\/wp-content\\\/uploads\\\/2025\\\/04\\\/373039154_711353301038905_8599807087571577275_n-e1744908923290.jpg\",\"keywords\":[\"Europe\"],\"articleSection\":[\"Actualit\u00e9\"],\"inLanguage\":\"es\"},{\"@type\":\"WebPage\",\"@id\":\"https:\\\/\\\/ajmonnet.eu\\\/appel-a-la-mobilisation-populaire-partout-en-france-et-en-europe-autour-du-8-mai-2025\\\/\",\"url\":\"https:\\\/\\\/ajmonnet.eu\\\/appel-a-la-mobilisation-populaire-partout-en-france-et-en-europe-autour-du-8-mai-2025\\\/\",\"name\":\"Appel \u00e0 la mobilisation populaire partout en France et en Europe autour du 8 mai 2025 - Association Jean Monnet\",\"isPartOf\":{\"@id\":\"https:\\\/\\\/ajmonnet.eu\\\/#website\"},\"primaryImageOfPage\":{\"@id\":\"https:\\\/\\\/ajmonnet.eu\\\/appel-a-la-mobilisation-populaire-partout-en-france-et-en-europe-autour-du-8-mai-2025\\\/#primaryimage\"},\"image\":{\"@id\":\"https:\\\/\\\/ajmonnet.eu\\\/appel-a-la-mobilisation-populaire-partout-en-france-et-en-europe-autour-du-8-mai-2025\\\/#primaryimage\"},\"thumbnailUrl\":\"https:\\\/\\\/ajmonnet.eu\\\/wp-content\\\/uploads\\\/2025\\\/04\\\/373039154_711353301038905_8599807087571577275_n-e1744908923290.jpg\",\"datePublished\":\"2025-04-29T05:57:08+00:00\",\"dateModified\":\"2025-07-29T09:46:20+00:00\",\"description\":\"Association Jean Monnet Actualit\u00e9 Appel \u00e0 la mobilisation populaire partout en France et en Europe autour du 8 mai 2025\",\"breadcrumb\":{\"@id\":\"https:\\\/\\\/ajmonnet.eu\\\/appel-a-la-mobilisation-populaire-partout-en-france-et-en-europe-autour-du-8-mai-2025\\\/#breadcrumb\"},\"inLanguage\":\"es\",\"potentialAction\":[{\"@type\":\"ReadAction\",\"target\":[\"https:\\\/\\\/ajmonnet.eu\\\/appel-a-la-mobilisation-populaire-partout-en-france-et-en-europe-autour-du-8-mai-2025\\\/\"]}]},{\"@type\":\"ImageObject\",\"inLanguage\":\"es\",\"@id\":\"https:\\\/\\\/ajmonnet.eu\\\/appel-a-la-mobilisation-populaire-partout-en-france-et-en-europe-autour-du-8-mai-2025\\\/#primaryimage\",\"url\":\"https:\\\/\\\/ajmonnet.eu\\\/wp-content\\\/uploads\\\/2025\\\/04\\\/373039154_711353301038905_8599807087571577275_n-e1744908923290.jpg\",\"contentUrl\":\"https:\\\/\\\/ajmonnet.eu\\\/wp-content\\\/uploads\\\/2025\\\/04\\\/373039154_711353301038905_8599807087571577275_n-e1744908923290.jpg\",\"width\":1080,\"height\":690},{\"@type\":\"BreadcrumbList\",\"@id\":\"https:\\\/\\\/ajmonnet.eu\\\/appel-a-la-mobilisation-populaire-partout-en-france-et-en-europe-autour-du-8-mai-2025\\\/#breadcrumb\",\"itemListElement\":[{\"@type\":\"ListItem\",\"position\":1,\"name\":\"Home\",\"item\":\"https:\\\/\\\/ajmonnet.eu\\\/\"},{\"@type\":\"ListItem\",\"position\":2,\"name\":\"Appel \u00e0 la mobilisation populaire partout en France et en Europe autour du 8 mai 2025\"}]},{\"@type\":\"WebSite\",\"@id\":\"https:\\\/\\\/ajmonnet.eu\\\/#website\",\"url\":\"https:\\\/\\\/ajmonnet.eu\\\/\",\"name\":\"Association Jean Monnet\",\"description\":\"Faire vivre au temps pr\u00e9sent les id\u00e9es europ\u00e9ennes de Jean Monnet\",\"publisher\":{\"@id\":\"https:\\\/\\\/ajmonnet.eu\\\/#organization\"},\"alternateName\":\"AJM\",\"potentialAction\":[{\"@type\":\"SearchAction\",\"target\":{\"@type\":\"EntryPoint\",\"urlTemplate\":\"https:\\\/\\\/ajmonnet.eu\\\/?s={search_term_string}\"},\"query-input\":{\"@type\":\"PropertyValueSpecification\",\"valueRequired\":true,\"valueName\":\"search_term_string\"}}],\"inLanguage\":\"es\"},{\"@type\":\"Organization\",\"@id\":\"https:\\\/\\\/ajmonnet.eu\\\/#organization\",\"name\":\"ASSOCIATION JEAN MONNET\",\"alternateName\":\"AJM\",\"url\":\"https:\\\/\\\/ajmonnet.eu\\\/\",\"logo\":{\"@type\":\"ImageObject\",\"inLanguage\":\"es\",\"@id\":\"https:\\\/\\\/ajmonnet.eu\\\/#\\\/schema\\\/logo\\\/image\\\/\",\"url\":\"https:\\\/\\\/ajmonnet.eu\\\/wp-content\\\/uploads\\\/2022\\\/04\\\/AJM-Logo-Color.png\",\"contentUrl\":\"https:\\\/\\\/ajmonnet.eu\\\/wp-content\\\/uploads\\\/2022\\\/04\\\/AJM-Logo-Color.png\",\"width\":386,\"height\":241,\"caption\":\"ASSOCIATION JEAN MONNET\"},\"image\":{\"@id\":\"https:\\\/\\\/ajmonnet.eu\\\/#\\\/schema\\\/logo\\\/image\\\/\"},\"sameAs\":[\"https:\\\/\\\/www.facebook.com\\\/associationjeanmonnet\",\"https:\\\/\\\/x.com\\\/AJMonnet\",\"https:\\\/\\\/www.linkedin.com\\\/company\\\/association-jean-monnet\",\"https:\\\/\\\/bsky.app\\\/profile\\\/ajeanmonnet.bsky.social\"]},{\"@type\":\"Person\",\"@id\":\"https:\\\/\\\/ajmonnet.eu\\\/#\\\/schema\\\/person\\\/d75372ee9efa1f5270aae02e9a833f25\",\"name\":\"Fabien Chevalier\",\"image\":{\"@type\":\"ImageObject\",\"inLanguage\":\"es\",\"@id\":\"https:\\\/\\\/secure.gravatar.com\\\/avatar\\\/ef28d1335a652add1f9c6fafcff2220c35588481f5a058a85b1351c0cf3dadbe?s=96&d=mm&r=g\",\"url\":\"https:\\\/\\\/secure.gravatar.com\\\/avatar\\\/ef28d1335a652add1f9c6fafcff2220c35588481f5a058a85b1351c0cf3dadbe?s=96&d=mm&r=g\",\"contentUrl\":\"https:\\\/\\\/secure.gravatar.com\\\/avatar\\\/ef28d1335a652add1f9c6fafcff2220c35588481f5a058a85b1351c0cf3dadbe?s=96&d=mm&r=g\",\"caption\":\"Fabien Chevalier\"},\"url\":\"https:\\\/\\\/ajmonnet.eu\\\/es\\\/author\\\/fabi-chev\\\/\"}]}<\/script>\n<!-- \/ Yoast SEO plugin. -->","yoast_head_json":{"title":"Llamamiento a la movilizaci\u00f3n popular en toda Francia y Europa en torno al 8 de mayo de 2025 - Asociaci\u00f3n Jean Monnet","description":"Asociaci\u00f3n Jean Monnet Noticias Llamamiento a la movilizaci\u00f3n popular en toda Francia y Europa en torno al 8 de mayo de 2025","robots":{"index":"index","follow":"follow","max-snippet":"max-snippet:-1","max-image-preview":"max-image-preview:large","max-video-preview":"max-video-preview:-1"},"canonical":"https:\/\/ajmonnet.eu\/es\/appel-a-la-mobilisation-populaire-partout-en-france-et-en-europe-autour-du-8-mai-2025\/","og_locale":"es_ES","og_type":"article","og_title":"Appel \u00e0 la mobilisation populaire partout en France et en Europe autour du 8 mai 2025 - Association Jean Monnet","og_description":"Association Jean Monnet Actualit\u00e9 Appel \u00e0 la mobilisation populaire partout en France et en Europe autour du 8 mai 2025","og_url":"https:\/\/ajmonnet.eu\/es\/appel-a-la-mobilisation-populaire-partout-en-france-et-en-europe-autour-du-8-mai-2025\/","og_site_name":"Association Jean Monnet","article_publisher":"https:\/\/www.facebook.com\/associationjeanmonnet","article_published_time":"2025-04-29T05:57:08+00:00","article_modified_time":"2025-07-29T09:46:20+00:00","og_image":[{"width":1080,"height":690,"url":"https:\/\/ajmonnet.eu\/wp-content\/uploads\/2025\/04\/373039154_711353301038905_8599807087571577275_n-e1744908923290.jpg","type":"image\/jpeg"}],"author":"Fabien Chevalier","twitter_card":"summary_large_image","twitter_creator":"@AJMonnet","twitter_site":"@AJMonnet","twitter_misc":{"Escrito por":"Fabien Chevalier","Tiempo de lectura":"3 minutos"},"schema":{"@context":"https:\/\/schema.org","@graph":[{"@type":"Article","@id":"https:\/\/ajmonnet.eu\/appel-a-la-mobilisation-populaire-partout-en-france-et-en-europe-autour-du-8-mai-2025\/#article","isPartOf":{"@id":"https:\/\/ajmonnet.eu\/appel-a-la-mobilisation-populaire-partout-en-france-et-en-europe-autour-du-8-mai-2025\/"},"author":{"name":"Fabien Chevalier","@id":"https:\/\/ajmonnet.eu\/#\/schema\/person\/d75372ee9efa1f5270aae02e9a833f25"},"headline":"Appel \u00e0 la mobilisation populaire partout en France et en Europe autour du 8 mai 2025","datePublished":"2025-04-29T05:57:08+00:00","dateModified":"2025-07-29T09:46:20+00:00","mainEntityOfPage":{"@id":"https:\/\/ajmonnet.eu\/appel-a-la-mobilisation-populaire-partout-en-france-et-en-europe-autour-du-8-mai-2025\/"},"wordCount":519,"publisher":{"@id":"https:\/\/ajmonnet.eu\/#organization"},"image":{"@id":"https:\/\/ajmonnet.eu\/appel-a-la-mobilisation-populaire-partout-en-france-et-en-europe-autour-du-8-mai-2025\/#primaryimage"},"thumbnailUrl":"https:\/\/ajmonnet.eu\/wp-content\/uploads\/2025\/04\/373039154_711353301038905_8599807087571577275_n-e1744908923290.jpg","keywords":["Europe"],"articleSection":["Actualit\u00e9"],"inLanguage":"es"},{"@type":"WebPage","@id":"https:\/\/ajmonnet.eu\/appel-a-la-mobilisation-populaire-partout-en-france-et-en-europe-autour-du-8-mai-2025\/","url":"https:\/\/ajmonnet.eu\/appel-a-la-mobilisation-populaire-partout-en-france-et-en-europe-autour-du-8-mai-2025\/","name":"Llamamiento a la movilizaci\u00f3n popular en toda Francia y Europa en torno al 8 de mayo de 2025 - Asociaci\u00f3n Jean Monnet","isPartOf":{"@id":"https:\/\/ajmonnet.eu\/#website"},"primaryImageOfPage":{"@id":"https:\/\/ajmonnet.eu\/appel-a-la-mobilisation-populaire-partout-en-france-et-en-europe-autour-du-8-mai-2025\/#primaryimage"},"image":{"@id":"https:\/\/ajmonnet.eu\/appel-a-la-mobilisation-populaire-partout-en-france-et-en-europe-autour-du-8-mai-2025\/#primaryimage"},"thumbnailUrl":"https:\/\/ajmonnet.eu\/wp-content\/uploads\/2025\/04\/373039154_711353301038905_8599807087571577275_n-e1744908923290.jpg","datePublished":"2025-04-29T05:57:08+00:00","dateModified":"2025-07-29T09:46:20+00:00","description":"Asociaci\u00f3n Jean Monnet Noticias Llamamiento a la movilizaci\u00f3n popular en toda Francia y Europa en torno al 8 de mayo de 2025","breadcrumb":{"@id":"https:\/\/ajmonnet.eu\/appel-a-la-mobilisation-populaire-partout-en-france-et-en-europe-autour-du-8-mai-2025\/#breadcrumb"},"inLanguage":"es","potentialAction":[{"@type":"ReadAction","target":["https:\/\/ajmonnet.eu\/appel-a-la-mobilisation-populaire-partout-en-france-et-en-europe-autour-du-8-mai-2025\/"]}]},{"@type":"ImageObject","inLanguage":"es","@id":"https:\/\/ajmonnet.eu\/appel-a-la-mobilisation-populaire-partout-en-france-et-en-europe-autour-du-8-mai-2025\/#primaryimage","url":"https:\/\/ajmonnet.eu\/wp-content\/uploads\/2025\/04\/373039154_711353301038905_8599807087571577275_n-e1744908923290.jpg","contentUrl":"https:\/\/ajmonnet.eu\/wp-content\/uploads\/2025\/04\/373039154_711353301038905_8599807087571577275_n-e1744908923290.jpg","width":1080,"height":690},{"@type":"BreadcrumbList","@id":"https:\/\/ajmonnet.eu\/appel-a-la-mobilisation-populaire-partout-en-france-et-en-europe-autour-du-8-mai-2025\/#breadcrumb","itemListElement":[{"@type":"ListItem","position":1,"name":"Home","item":"https:\/\/ajmonnet.eu\/"},{"@type":"ListItem","position":2,"name":"Appel \u00e0 la mobilisation populaire partout en France et en Europe autour du 8 mai 2025"}]},{"@type":"WebSite","@id":"https:\/\/ajmonnet.eu\/#website","url":"https:\/\/ajmonnet.eu\/","name":"Asociaci\u00f3n Jean Monnet","description":"Las ideas europeas de Jean Monnet cobran vida en el presente","publisher":{"@id":"https:\/\/ajmonnet.eu\/#organization"},"alternateName":"AJM","potentialAction":[{"@type":"SearchAction","target":{"@type":"EntryPoint","urlTemplate":"https:\/\/ajmonnet.eu\/?s={search_term_string}"},"query-input":{"@type":"PropertyValueSpecification","valueRequired":true,"valueName":"search_term_string"}}],"inLanguage":"es"},{"@type":"Organization","@id":"https:\/\/ajmonnet.eu\/#organization","name":"ASOCIACI\u00d3N JEAN MONNET","alternateName":"AJM","url":"https:\/\/ajmonnet.eu\/","logo":{"@type":"ImageObject","inLanguage":"es","@id":"https:\/\/ajmonnet.eu\/#\/schema\/logo\/image\/","url":"https:\/\/ajmonnet.eu\/wp-content\/uploads\/2022\/04\/AJM-Logo-Color.png","contentUrl":"https:\/\/ajmonnet.eu\/wp-content\/uploads\/2022\/04\/AJM-Logo-Color.png","width":386,"height":241,"caption":"ASSOCIATION JEAN MONNET"},"image":{"@id":"https:\/\/ajmonnet.eu\/#\/schema\/logo\/image\/"},"sameAs":["https:\/\/www.facebook.com\/associationjeanmonnet","https:\/\/x.com\/AJMonnet","https:\/\/www.linkedin.com\/company\/association-jean-monnet","https:\/\/bsky.app\/profile\/ajeanmonnet.bsky.social"]},{"@type":"Person","@id":"https:\/\/ajmonnet.eu\/#\/schema\/person\/d75372ee9efa1f5270aae02e9a833f25","name":"Fabien Chevalier","image":{"@type":"ImageObject","inLanguage":"es","@id":"https:\/\/secure.gravatar.com\/avatar\/ef28d1335a652add1f9c6fafcff2220c35588481f5a058a85b1351c0cf3dadbe?s=96&d=mm&r=g","url":"https:\/\/secure.gravatar.com\/avatar\/ef28d1335a652add1f9c6fafcff2220c35588481f5a058a85b1351c0cf3dadbe?s=96&d=mm&r=g","contentUrl":"https:\/\/secure.gravatar.com\/avatar\/ef28d1335a652add1f9c6fafcff2220c35588481f5a058a85b1351c0cf3dadbe?s=96&d=mm&r=g","caption":"Fabien Chevalier"},"url":"https:\/\/ajmonnet.eu\/es\/author\/fabi-chev\/"}]}},"_links":{"self":[{"href":"https:\/\/ajmonnet.eu\/es\/wp-json\/wp\/v2\/posts\/4304","targetHints":{"allow":["GET"]}}],"collection":[{"href":"https:\/\/ajmonnet.eu\/es\/wp-json\/wp\/v2\/posts"}],"about":[{"href":"https:\/\/ajmonnet.eu\/es\/wp-json\/wp\/v2\/types\/post"}],"author":[{"embeddable":true,"href":"https:\/\/ajmonnet.eu\/es\/wp-json\/wp\/v2\/users\/4"}],"replies":[{"embeddable":true,"href":"https:\/\/ajmonnet.eu\/es\/wp-json\/wp\/v2\/comments?post=4304"}],"version-history":[{"count":1,"href":"https:\/\/ajmonnet.eu\/es\/wp-json\/wp\/v2\/posts\/4304\/revisions"}],"predecessor-version":[{"id":4306,"href":"https:\/\/ajmonnet.eu\/es\/wp-json\/wp\/v2\/posts\/4304\/revisions\/4306"}],"wp:featuredmedia":[{"embeddable":true,"href":"https:\/\/ajmonnet.eu\/es\/wp-json\/wp\/v2\/media\/4305"}],"wp:attachment":[{"href":"https:\/\/ajmonnet.eu\/es\/wp-json\/wp\/v2\/media?parent=4304"}],"wp:term":[{"taxonomy":"category","embeddable":true,"href":"https:\/\/ajmonnet.eu\/es\/wp-json\/wp\/v2\/categories?post=4304"},{"taxonomy":"post_tag","embeddable":true,"href":"https:\/\/ajmonnet.eu\/es\/wp-json\/wp\/v2\/tags?post=4304"}],"curies":[{"name":"wp","href":"https:\/\/api.w.org\/{rel}","templated":true}]}}