{"id":4271,"date":"2025-03-21T19:45:45","date_gmt":"2025-03-21T17:45:45","guid":{"rendered":"https:\/\/ajmonnet.eu\/?p=4271"},"modified":"2025-07-29T11:46:20","modified_gmt":"2025-07-29T09:46:20","slug":"cest-la-soumission-ou-les-etats-unis-deurope","status":"publish","type":"post","link":"https:\/\/ajmonnet.eu\/es\/cest-la-soumission-ou-les-etats-unis-deurope\/","title":{"rendered":"Es la sumisi\u00f3n o los Estados Unidos de Europa."},"content":{"rendered":"<p><em>Columna de opini\u00f3n publicada en <a href=\"https:\/\/www.tdg.ch\/cest-la-soumission-ou-les-etats-unis-deurope-751153634623\" target=\"_blank\" rel=\"noreferrer noopener\">la Tribune de Gen\u00e8ve<\/a><\/em><\/p>\n\n\n\n<p>Tras un mes de presidencia de Trump, est\u00e1 claro que Estados Unidos ya no es nuestro aliado. Sus declaraciones imperialistas sobre el Canal de Panam\u00e1, Canad\u00e1 o Groenlandia, sus amenazas de guerras comerciales, su di\u00e1logo con un dictador responsable de la m\u00e1s grave guerra de agresi\u00f3n en Europa desde 1945, lo demuestran.<\/p>\n\n\n\n<p>Tras el intento de humillaci\u00f3n medi\u00e1tica de Zelensky, los ataques a la democracia europea y la presencia de fuerzas estadounidenses en nuestro continente, se acerca el fin de la alianza transatl\u00e1ntica concluida por Churchill y Roosevelt frente a la amenaza nazi. Asistimos a la emergencia de un eje Trump-Putin hostil al derecho internacional, al multilateralismo y a la democracia. Nos negamos a confabularnos con Putin para imponer una soluci\u00f3n que legitima la agresi\u00f3n y no garantiza nuestra seguridad.<\/p>\n\n\n\n<p>\u00bfQu\u00e9 podemos hacer al respecto? En primer lugar, tenemos que despertar a la nueva realidad. Hasta hace poco, algunos dirigentes de la UE negaban la realidad, refugi\u00e1ndose en el mantra atlantista. Europa est\u00e1 sola, como Gran Breta\u00f1a en 1940. Debe asumir la responsabilidad de su propio destino.<\/p>\n\n\n\n<p>Tenemos que integrar a Ucrania en la econom\u00eda de la UE, con excepci\u00f3n de la agricultura, concluir un acuerdo sobre tierras raras e intensificar nuestro apoyo. La ayuda estadounidense, inferior a la europea, que es una de las econom\u00edas m\u00e1s fuertes del mundo, no es insustituible. Alemania debe entregar los misiles Taurus de largo alcance. Debemos eliminar todas las restricciones contra los objetivos militares convencionales rusos, intensificar las sanciones contra la flota petrolera rusa en la sombra y hacer uso de los 200.000 millones de euros en activos financieros congelados del Estado agresor.<\/p>\n\n\n\n<p>Frente a esta amenaza, necesitamos lanzar un plan industrial europeo financiado con deuda com\u00fan y recursos propios. El objetivo es colmar las lagunas tecnol\u00f3gicas, de inversi\u00f3n y de competitividad se\u00f1aladas en el informe Draghi, reforzando al mismo tiempo nuestra industria de defensa, en particular mediante la creaci\u00f3n de un Banco Europeo de Armamento.<\/p>\n\n\n\n<p>Pero ante este desaf\u00edo existencial, la producci\u00f3n conjunta de armas no ser\u00e1 suficiente.<\/p>\n\n\n\n<p>Debemos crear una Comunidad Europea de Defensa con la participaci\u00f3n de Ucrania. Garantizar\u00e1 nuestra defensa territorial, como pilar europeo de la OTAN que puede movilizarse independientemente de Washington.<\/p>\n\n\n\n<p>Esto es posible en virtud de las disposiciones del Tratado de Lisboa sobre defensa com\u00fan europea y cooperaci\u00f3n estructurada permanente. Si los aliados de Trump en el Consejo Europeo bloquean esta propuesta, habr\u00e1 que celebrar un tratado provisional aparte. Tambi\u00e9n proponemos ampliar los beneficios de la disuasi\u00f3n nuclear a todos los Estados miembros que est\u00e9n dispuestos a contribuir a la financiaci\u00f3n del arsenal franc\u00e9s.<\/p>\n\n\n\n<p>Al mismo tiempo, tenemos que reforzar nuestra uni\u00f3n pol\u00edtica y democr\u00e1tica, acabar con los vetos nacionales y dar m\u00e1s poderes al Parlamento Europeo mediante una reforma federal de los Tratados.<\/p>\n\n\n\n<p>\u00bfQu\u00e9 m\u00e1s se necesita para que se produzca una reacci\u00f3n? \u00bfLa llegada de soldados rusos a Varsovia?<\/p>\n\n\n\n<p><strong>O los Estados Unidos de Europa o la sumisi\u00f3n.<\/strong><\/p>\n\n\n\n<p><strong><em>Firmantes<\/em><\/strong><\/p>\n\n\n\n<div class=\"wp-block-columns is-layout-flex wp-container-core-columns-is-layout-9d6595d7 wp-block-columns-is-layout-flex\">\n<div class=\"wp-block-column is-layout-flow wp-block-column-is-layout-flow\">\n<p><strong>Guy VERHOFSTADT<\/strong><br>Presidente del Movimiento Europeo Internacional y ex diputado al Parlamento Europeo<\/p>\n<\/div>\n\n\n\n<div class=\"wp-block-column is-layout-flow wp-block-column-is-layout-flow\">\n<p><strong>Dom\u00e8nec RUIZ DEVESA<\/strong><br>Presidente de la Uni\u00f3n de Federalistas Europeos y antiguo diputado al Parlamento Europeo<\/p>\n<\/div>\n\n\n\n<div class=\"wp-block-column is-layout-flow wp-block-column-is-layout-flow\">\n<p><strong>Profesor (h.c.) <a href=\"https:\/\/ajmonnet.eu\/es\/members\/olivier-vedrine\/\" target=\"_blank\" rel=\"noreferrer noopener\">Olivier V\u00c9DRINE<\/a><\/strong><br>Director de la Asociaci\u00f3n Jean Monnet<\/p>\n<\/div>\n<\/div>","protected":false},"excerpt":{"rendered":"<p>Tribune publi\u00e9e dans la Tribune de Gen\u00e8ve Apr\u00e8s un mois de pr\u00e9sidence Trump, il est clair que les \u00c9tats-Unis ne sont plus nos alli\u00e9s. Ses d\u00e9clarations imp\u00e9rialistes sur le canal de Panama, le Canada ou le Groenland, ses menaces de guerres commerciales, son dialogue avec un dictateur responsable de la plus grave guerre d\u2019agression en [&hellip;]<\/p>\n","protected":false},"author":13,"featured_media":4208,"comment_status":"closed","ping_status":"open","sticky":false,"template":"","format":"standard","meta":{"_acf_changed":false,"footnotes":""},"categories":[31,5],"tags":[46],"class_list":["post-4271","post","type-post","status-publish","format-standard","has-post-thumbnail","hentry","category-actualite","category-geopolitique","tag-securite"],"acf":[],"yoast_head":"<!-- This site is optimized with the Yoast SEO plugin v27.4 - https:\/\/yoast.com\/product\/yoast-seo-wordpress\/ -->\n<title>C\u2019est la soumission ou les \u00c9tats-Unis d\u2019Europe\u00a0! - Association Jean Monnet<\/title>\n<meta name=\"description\" content=\"Association Jean Monnet Actualit\u00e9 C\u2019est la soumission ou les \u00c9tats-Unis d\u2019Europe\u00a0!\" \/>\n<meta name=\"robots\" content=\"index, follow, max-snippet:-1, max-image-preview:large, max-video-preview:-1\" \/>\n<link rel=\"canonical\" href=\"https:\/\/ajmonnet.eu\/es\/cest-la-soumission-ou-les-etats-unis-deurope\/\" \/>\n<meta property=\"og:locale\" content=\"es_ES\" \/>\n<meta property=\"og:type\" content=\"article\" \/>\n<meta property=\"og:title\" content=\"C\u2019est la soumission ou les \u00c9tats-Unis d\u2019Europe\u00a0! - Association Jean Monnet\" \/>\n<meta property=\"og:description\" content=\"Association Jean Monnet Actualit\u00e9 C\u2019est la soumission ou les \u00c9tats-Unis d\u2019Europe\u00a0!\" \/>\n<meta property=\"og:url\" content=\"https:\/\/ajmonnet.eu\/es\/cest-la-soumission-ou-les-etats-unis-deurope\/\" \/>\n<meta property=\"og:site_name\" content=\"Association Jean Monnet\" \/>\n<meta property=\"article:publisher\" content=\"https:\/\/www.facebook.com\/associationjeanmonnet\" \/>\n<meta property=\"article:published_time\" content=\"2025-03-21T17:45:45+00:00\" \/>\n<meta property=\"article:modified_time\" content=\"2025-07-29T09:46:20+00:00\" \/>\n<meta property=\"og:image\" content=\"https:\/\/ajmonnet.eu\/wp-content\/uploads\/2025\/02\/ukraine.png\" \/>\n\t<meta property=\"og:image:width\" content=\"769\" \/>\n\t<meta property=\"og:image:height\" content=\"393\" \/>\n\t<meta property=\"og:image:type\" content=\"image\/png\" \/>\n<meta name=\"author\" content=\"Olivier V\u00e9drine\" \/>\n<meta name=\"twitter:card\" content=\"summary_large_image\" \/>\n<meta name=\"twitter:creator\" content=\"@VEDRINEOlivier\" \/>\n<meta name=\"twitter:site\" content=\"@AJMonnet\" \/>\n<meta name=\"twitter:label1\" content=\"Escrito por\" \/>\n\t<meta name=\"twitter:data1\" content=\"Olivier V\u00e9drine\" \/>\n\t<meta name=\"twitter:label2\" content=\"Tiempo de lectura\" \/>\n\t<meta name=\"twitter:data2\" content=\"3 minutos\" \/>\n<script type=\"application\/ld+json\" class=\"yoast-schema-graph\">{\"@context\":\"https:\\\/\\\/schema.org\",\"@graph\":[{\"@type\":\"Article\",\"@id\":\"https:\\\/\\\/ajmonnet.eu\\\/cest-la-soumission-ou-les-etats-unis-deurope\\\/#article\",\"isPartOf\":{\"@id\":\"https:\\\/\\\/ajmonnet.eu\\\/cest-la-soumission-ou-les-etats-unis-deurope\\\/\"},\"author\":{\"name\":\"Olivier V\u00e9drine\",\"@id\":\"https:\\\/\\\/ajmonnet.eu\\\/#\\\/schema\\\/person\\\/47a7618de542257cf1c4988be19021bc\"},\"headline\":\"C\u2019est la soumission ou les \u00c9tats-Unis d\u2019Europe\u00a0!\",\"datePublished\":\"2025-03-21T17:45:45+00:00\",\"dateModified\":\"2025-07-29T09:46:20+00:00\",\"mainEntityOfPage\":{\"@id\":\"https:\\\/\\\/ajmonnet.eu\\\/cest-la-soumission-ou-les-etats-unis-deurope\\\/\"},\"wordCount\":617,\"publisher\":{\"@id\":\"https:\\\/\\\/ajmonnet.eu\\\/#organization\"},\"image\":{\"@id\":\"https:\\\/\\\/ajmonnet.eu\\\/cest-la-soumission-ou-les-etats-unis-deurope\\\/#primaryimage\"},\"thumbnailUrl\":\"https:\\\/\\\/ajmonnet.eu\\\/wp-content\\\/uploads\\\/2025\\\/02\\\/ukraine.png\",\"keywords\":[\"S\u00e9curit\u00e9\"],\"articleSection\":[\"Actualit\u00e9\",\"G\u00e9opolitique\"],\"inLanguage\":\"es\"},{\"@type\":\"WebPage\",\"@id\":\"https:\\\/\\\/ajmonnet.eu\\\/cest-la-soumission-ou-les-etats-unis-deurope\\\/\",\"url\":\"https:\\\/\\\/ajmonnet.eu\\\/cest-la-soumission-ou-les-etats-unis-deurope\\\/\",\"name\":\"C\u2019est la soumission ou les \u00c9tats-Unis d\u2019Europe\u00a0! - Association Jean Monnet\",\"isPartOf\":{\"@id\":\"https:\\\/\\\/ajmonnet.eu\\\/#website\"},\"primaryImageOfPage\":{\"@id\":\"https:\\\/\\\/ajmonnet.eu\\\/cest-la-soumission-ou-les-etats-unis-deurope\\\/#primaryimage\"},\"image\":{\"@id\":\"https:\\\/\\\/ajmonnet.eu\\\/cest-la-soumission-ou-les-etats-unis-deurope\\\/#primaryimage\"},\"thumbnailUrl\":\"https:\\\/\\\/ajmonnet.eu\\\/wp-content\\\/uploads\\\/2025\\\/02\\\/ukraine.png\",\"datePublished\":\"2025-03-21T17:45:45+00:00\",\"dateModified\":\"2025-07-29T09:46:20+00:00\",\"description\":\"Association Jean Monnet Actualit\u00e9 C\u2019est la soumission ou les \u00c9tats-Unis d\u2019Europe\u00a0!\",\"breadcrumb\":{\"@id\":\"https:\\\/\\\/ajmonnet.eu\\\/cest-la-soumission-ou-les-etats-unis-deurope\\\/#breadcrumb\"},\"inLanguage\":\"es\",\"potentialAction\":[{\"@type\":\"ReadAction\",\"target\":[\"https:\\\/\\\/ajmonnet.eu\\\/cest-la-soumission-ou-les-etats-unis-deurope\\\/\"]}]},{\"@type\":\"ImageObject\",\"inLanguage\":\"es\",\"@id\":\"https:\\\/\\\/ajmonnet.eu\\\/cest-la-soumission-ou-les-etats-unis-deurope\\\/#primaryimage\",\"url\":\"https:\\\/\\\/ajmonnet.eu\\\/wp-content\\\/uploads\\\/2025\\\/02\\\/ukraine.png\",\"contentUrl\":\"https:\\\/\\\/ajmonnet.eu\\\/wp-content\\\/uploads\\\/2025\\\/02\\\/ukraine.png\",\"width\":769,\"height\":393},{\"@type\":\"BreadcrumbList\",\"@id\":\"https:\\\/\\\/ajmonnet.eu\\\/cest-la-soumission-ou-les-etats-unis-deurope\\\/#breadcrumb\",\"itemListElement\":[{\"@type\":\"ListItem\",\"position\":1,\"name\":\"Home\",\"item\":\"https:\\\/\\\/ajmonnet.eu\\\/\"},{\"@type\":\"ListItem\",\"position\":2,\"name\":\"C\u2019est la soumission ou les \u00c9tats-Unis d\u2019Europe\u00a0!\"}]},{\"@type\":\"WebSite\",\"@id\":\"https:\\\/\\\/ajmonnet.eu\\\/#website\",\"url\":\"https:\\\/\\\/ajmonnet.eu\\\/\",\"name\":\"Association Jean Monnet\",\"description\":\"Faire vivre au temps pr\u00e9sent les id\u00e9es europ\u00e9ennes de Jean Monnet\",\"publisher\":{\"@id\":\"https:\\\/\\\/ajmonnet.eu\\\/#organization\"},\"alternateName\":\"AJM\",\"potentialAction\":[{\"@type\":\"SearchAction\",\"target\":{\"@type\":\"EntryPoint\",\"urlTemplate\":\"https:\\\/\\\/ajmonnet.eu\\\/?s={search_term_string}\"},\"query-input\":{\"@type\":\"PropertyValueSpecification\",\"valueRequired\":true,\"valueName\":\"search_term_string\"}}],\"inLanguage\":\"es\"},{\"@type\":\"Organization\",\"@id\":\"https:\\\/\\\/ajmonnet.eu\\\/#organization\",\"name\":\"ASSOCIATION JEAN MONNET\",\"alternateName\":\"AJM\",\"url\":\"https:\\\/\\\/ajmonnet.eu\\\/\",\"logo\":{\"@type\":\"ImageObject\",\"inLanguage\":\"es\",\"@id\":\"https:\\\/\\\/ajmonnet.eu\\\/#\\\/schema\\\/logo\\\/image\\\/\",\"url\":\"https:\\\/\\\/ajmonnet.eu\\\/wp-content\\\/uploads\\\/2022\\\/04\\\/AJM-Logo-Color.png\",\"contentUrl\":\"https:\\\/\\\/ajmonnet.eu\\\/wp-content\\\/uploads\\\/2022\\\/04\\\/AJM-Logo-Color.png\",\"width\":386,\"height\":241,\"caption\":\"ASSOCIATION JEAN MONNET\"},\"image\":{\"@id\":\"https:\\\/\\\/ajmonnet.eu\\\/#\\\/schema\\\/logo\\\/image\\\/\"},\"sameAs\":[\"https:\\\/\\\/www.facebook.com\\\/associationjeanmonnet\",\"https:\\\/\\\/x.com\\\/AJMonnet\",\"https:\\\/\\\/www.linkedin.com\\\/company\\\/association-jean-monnet\",\"https:\\\/\\\/bsky.app\\\/profile\\\/ajeanmonnet.bsky.social\"]},{\"@type\":\"Person\",\"@id\":\"https:\\\/\\\/ajmonnet.eu\\\/#\\\/schema\\\/person\\\/47a7618de542257cf1c4988be19021bc\",\"name\":\"Olivier V\u00e9drine\",\"image\":{\"@type\":\"ImageObject\",\"inLanguage\":\"es\",\"@id\":\"https:\\\/\\\/secure.gravatar.com\\\/avatar\\\/9f445e4407f068a74ad6971eae2599fb24b35206370c94fa8fa230bfc2c15101?s=96&d=mm&r=g\",\"url\":\"https:\\\/\\\/secure.gravatar.com\\\/avatar\\\/9f445e4407f068a74ad6971eae2599fb24b35206370c94fa8fa230bfc2c15101?s=96&d=mm&r=g\",\"contentUrl\":\"https:\\\/\\\/secure.gravatar.com\\\/avatar\\\/9f445e4407f068a74ad6971eae2599fb24b35206370c94fa8fa230bfc2c15101?s=96&d=mm&r=g\",\"caption\":\"Olivier V\u00e9drine\"},\"sameAs\":[\"https:\\\/\\\/ajmonnet.eu\\\/members\\\/olivier-vedrine\\\/\",\"https:\\\/\\\/fr.linkedin.com\\\/in\\\/oliviervedrine\",\"https:\\\/\\\/x.com\\\/VEDRINEOlivier\"],\"url\":\"https:\\\/\\\/ajmonnet.eu\\\/es\\\/author\\\/olived\\\/\"}]}<\/script>\n<!-- \/ Yoast SEO plugin. -->","yoast_head_json":{"title":"\u00a1O la sumisi\u00f3n o los Estados Unidos de Europa! - Asociaci\u00f3n Jean Monnet","description":"Asociaci\u00f3n Jean Monnet Noticias \u00a1O la sumisi\u00f3n o los Estados Unidos de Europa!","robots":{"index":"index","follow":"follow","max-snippet":"max-snippet:-1","max-image-preview":"max-image-preview:large","max-video-preview":"max-video-preview:-1"},"canonical":"https:\/\/ajmonnet.eu\/es\/cest-la-soumission-ou-les-etats-unis-deurope\/","og_locale":"es_ES","og_type":"article","og_title":"C\u2019est la soumission ou les \u00c9tats-Unis d\u2019Europe\u00a0! - Association Jean Monnet","og_description":"Association Jean Monnet Actualit\u00e9 C\u2019est la soumission ou les \u00c9tats-Unis d\u2019Europe\u00a0!","og_url":"https:\/\/ajmonnet.eu\/es\/cest-la-soumission-ou-les-etats-unis-deurope\/","og_site_name":"Association Jean Monnet","article_publisher":"https:\/\/www.facebook.com\/associationjeanmonnet","article_published_time":"2025-03-21T17:45:45+00:00","article_modified_time":"2025-07-29T09:46:20+00:00","og_image":[{"width":769,"height":393,"url":"https:\/\/ajmonnet.eu\/wp-content\/uploads\/2025\/02\/ukraine.png","type":"image\/png"}],"author":"Olivier V\u00e9drine","twitter_card":"summary_large_image","twitter_creator":"@VEDRINEOlivier","twitter_site":"@AJMonnet","twitter_misc":{"Escrito por":"Olivier V\u00e9drine","Tiempo de lectura":"3 minutos"},"schema":{"@context":"https:\/\/schema.org","@graph":[{"@type":"Article","@id":"https:\/\/ajmonnet.eu\/cest-la-soumission-ou-les-etats-unis-deurope\/#article","isPartOf":{"@id":"https:\/\/ajmonnet.eu\/cest-la-soumission-ou-les-etats-unis-deurope\/"},"author":{"name":"Olivier V\u00e9drine","@id":"https:\/\/ajmonnet.eu\/#\/schema\/person\/47a7618de542257cf1c4988be19021bc"},"headline":"C\u2019est la soumission ou les \u00c9tats-Unis d\u2019Europe\u00a0!","datePublished":"2025-03-21T17:45:45+00:00","dateModified":"2025-07-29T09:46:20+00:00","mainEntityOfPage":{"@id":"https:\/\/ajmonnet.eu\/cest-la-soumission-ou-les-etats-unis-deurope\/"},"wordCount":617,"publisher":{"@id":"https:\/\/ajmonnet.eu\/#organization"},"image":{"@id":"https:\/\/ajmonnet.eu\/cest-la-soumission-ou-les-etats-unis-deurope\/#primaryimage"},"thumbnailUrl":"https:\/\/ajmonnet.eu\/wp-content\/uploads\/2025\/02\/ukraine.png","keywords":["S\u00e9curit\u00e9"],"articleSection":["Actualit\u00e9","G\u00e9opolitique"],"inLanguage":"es"},{"@type":"WebPage","@id":"https:\/\/ajmonnet.eu\/cest-la-soumission-ou-les-etats-unis-deurope\/","url":"https:\/\/ajmonnet.eu\/cest-la-soumission-ou-les-etats-unis-deurope\/","name":"\u00a1O la sumisi\u00f3n o los Estados Unidos de Europa! - Asociaci\u00f3n Jean Monnet","isPartOf":{"@id":"https:\/\/ajmonnet.eu\/#website"},"primaryImageOfPage":{"@id":"https:\/\/ajmonnet.eu\/cest-la-soumission-ou-les-etats-unis-deurope\/#primaryimage"},"image":{"@id":"https:\/\/ajmonnet.eu\/cest-la-soumission-ou-les-etats-unis-deurope\/#primaryimage"},"thumbnailUrl":"https:\/\/ajmonnet.eu\/wp-content\/uploads\/2025\/02\/ukraine.png","datePublished":"2025-03-21T17:45:45+00:00","dateModified":"2025-07-29T09:46:20+00:00","description":"Asociaci\u00f3n Jean Monnet Noticias \u00a1O la sumisi\u00f3n o los Estados Unidos de Europa!","breadcrumb":{"@id":"https:\/\/ajmonnet.eu\/cest-la-soumission-ou-les-etats-unis-deurope\/#breadcrumb"},"inLanguage":"es","potentialAction":[{"@type":"ReadAction","target":["https:\/\/ajmonnet.eu\/cest-la-soumission-ou-les-etats-unis-deurope\/"]}]},{"@type":"ImageObject","inLanguage":"es","@id":"https:\/\/ajmonnet.eu\/cest-la-soumission-ou-les-etats-unis-deurope\/#primaryimage","url":"https:\/\/ajmonnet.eu\/wp-content\/uploads\/2025\/02\/ukraine.png","contentUrl":"https:\/\/ajmonnet.eu\/wp-content\/uploads\/2025\/02\/ukraine.png","width":769,"height":393},{"@type":"BreadcrumbList","@id":"https:\/\/ajmonnet.eu\/cest-la-soumission-ou-les-etats-unis-deurope\/#breadcrumb","itemListElement":[{"@type":"ListItem","position":1,"name":"Home","item":"https:\/\/ajmonnet.eu\/"},{"@type":"ListItem","position":2,"name":"C\u2019est la soumission ou les \u00c9tats-Unis d\u2019Europe\u00a0!"}]},{"@type":"WebSite","@id":"https:\/\/ajmonnet.eu\/#website","url":"https:\/\/ajmonnet.eu\/","name":"Asociaci\u00f3n Jean Monnet","description":"Las ideas europeas de Jean Monnet cobran vida en el presente","publisher":{"@id":"https:\/\/ajmonnet.eu\/#organization"},"alternateName":"AJM","potentialAction":[{"@type":"SearchAction","target":{"@type":"EntryPoint","urlTemplate":"https:\/\/ajmonnet.eu\/?s={search_term_string}"},"query-input":{"@type":"PropertyValueSpecification","valueRequired":true,"valueName":"search_term_string"}}],"inLanguage":"es"},{"@type":"Organization","@id":"https:\/\/ajmonnet.eu\/#organization","name":"ASOCIACI\u00d3N JEAN MONNET","alternateName":"AJM","url":"https:\/\/ajmonnet.eu\/","logo":{"@type":"ImageObject","inLanguage":"es","@id":"https:\/\/ajmonnet.eu\/#\/schema\/logo\/image\/","url":"https:\/\/ajmonnet.eu\/wp-content\/uploads\/2022\/04\/AJM-Logo-Color.png","contentUrl":"https:\/\/ajmonnet.eu\/wp-content\/uploads\/2022\/04\/AJM-Logo-Color.png","width":386,"height":241,"caption":"ASSOCIATION JEAN MONNET"},"image":{"@id":"https:\/\/ajmonnet.eu\/#\/schema\/logo\/image\/"},"sameAs":["https:\/\/www.facebook.com\/associationjeanmonnet","https:\/\/x.com\/AJMonnet","https:\/\/www.linkedin.com\/company\/association-jean-monnet","https:\/\/bsky.app\/profile\/ajeanmonnet.bsky.social"]},{"@type":"Person","@id":"https:\/\/ajmonnet.eu\/#\/schema\/person\/47a7618de542257cf1c4988be19021bc","name":"Olivier V\u00e9drine","image":{"@type":"ImageObject","inLanguage":"es","@id":"https:\/\/secure.gravatar.com\/avatar\/9f445e4407f068a74ad6971eae2599fb24b35206370c94fa8fa230bfc2c15101?s=96&d=mm&r=g","url":"https:\/\/secure.gravatar.com\/avatar\/9f445e4407f068a74ad6971eae2599fb24b35206370c94fa8fa230bfc2c15101?s=96&d=mm&r=g","contentUrl":"https:\/\/secure.gravatar.com\/avatar\/9f445e4407f068a74ad6971eae2599fb24b35206370c94fa8fa230bfc2c15101?s=96&d=mm&r=g","caption":"Olivier V\u00e9drine"},"sameAs":["https:\/\/ajmonnet.eu\/members\/olivier-vedrine\/","https:\/\/fr.linkedin.com\/in\/oliviervedrine","https:\/\/x.com\/VEDRINEOlivier"],"url":"https:\/\/ajmonnet.eu\/es\/author\/olived\/"}]}},"_links":{"self":[{"href":"https:\/\/ajmonnet.eu\/es\/wp-json\/wp\/v2\/posts\/4271","targetHints":{"allow":["GET"]}}],"collection":[{"href":"https:\/\/ajmonnet.eu\/es\/wp-json\/wp\/v2\/posts"}],"about":[{"href":"https:\/\/ajmonnet.eu\/es\/wp-json\/wp\/v2\/types\/post"}],"author":[{"embeddable":true,"href":"https:\/\/ajmonnet.eu\/es\/wp-json\/wp\/v2\/users\/13"}],"replies":[{"embeddable":true,"href":"https:\/\/ajmonnet.eu\/es\/wp-json\/wp\/v2\/comments?post=4271"}],"version-history":[{"count":2,"href":"https:\/\/ajmonnet.eu\/es\/wp-json\/wp\/v2\/posts\/4271\/revisions"}],"predecessor-version":[{"id":4282,"href":"https:\/\/ajmonnet.eu\/es\/wp-json\/wp\/v2\/posts\/4271\/revisions\/4282"}],"wp:featuredmedia":[{"embeddable":true,"href":"https:\/\/ajmonnet.eu\/es\/wp-json\/wp\/v2\/media\/4208"}],"wp:attachment":[{"href":"https:\/\/ajmonnet.eu\/es\/wp-json\/wp\/v2\/media?parent=4271"}],"wp:term":[{"taxonomy":"category","embeddable":true,"href":"https:\/\/ajmonnet.eu\/es\/wp-json\/wp\/v2\/categories?post=4271"},{"taxonomy":"post_tag","embeddable":true,"href":"https:\/\/ajmonnet.eu\/es\/wp-json\/wp\/v2\/tags?post=4271"}],"curies":[{"name":"wp","href":"https:\/\/api.w.org\/{rel}","templated":true}]}}