{"id":4259,"date":"2025-03-15T13:21:37","date_gmt":"2025-03-15T11:21:37","guid":{"rendered":"https:\/\/ajmonnet.eu\/?p=4259"},"modified":"2025-07-29T11:46:20","modified_gmt":"2025-07-29T09:46:20","slug":"la-10e-edition-du-congres-europeen-des-gouvernements-locaux","status":"publish","type":"post","link":"https:\/\/ajmonnet.eu\/en\/la-10e-edition-du-congres-europeen-des-gouvernements-locaux\/","title":{"rendered":"The 10th European Congress of Local Government"},"content":{"rendered":"<div class=\"wp-block-media-text is-stacked-on-mobile is-vertically-aligned-top\" style=\"grid-template-columns:20% auto\"><figure class=\"wp-block-media-text__media\"><img loading=\"lazy\" decoding=\"async\" width=\"741\" height=\"741\" src=\"https:\/\/ajmonnet.eu\/wp-content\/uploads\/2022\/03\/Olivier-Ve\u0301drine-photo-pour-AJM.jpg\" alt=\"\" class=\"wp-image-564 size-full\" srcset=\"https:\/\/ajmonnet.eu\/wp-content\/uploads\/2022\/03\/Olivier-Ve\u0301drine-photo-pour-AJM.jpg 741w, https:\/\/ajmonnet.eu\/wp-content\/uploads\/2022\/03\/Olivier-Ve\u0301drine-photo-pour-AJM-300x300.jpg 300w, https:\/\/ajmonnet.eu\/wp-content\/uploads\/2022\/03\/Olivier-Ve\u0301drine-photo-pour-AJM-150x150.jpg 150w\" sizes=\"auto, (max-width: 741px) 100vw, 741px\" \/><\/figure><div class=\"wp-block-media-text__content\">\n<p>I spoke at the Mikolajki Economic Forum in Poland on 3 and 4 March in my capacity as Director of the Jean Monnet Association.<\/p>\n\n\n\n<p>The European Congress of Local Government, as it is known, is Europe's largest platform for dialogue, cooperation, the exchange of good governance practice and meetings for local government leaders and all the stakeholders involved in local life. <\/p>\n<\/div><\/div>\n\n\n\n<figure class=\"wp-block-image size-large\"><img loading=\"lazy\" decoding=\"async\" width=\"1024\" height=\"461\" src=\"https:\/\/ajmonnet.eu\/wp-content\/uploads\/2025\/03\/WhatsApp-Image-2025-03-04-a-15.25.05_b76fbc6a-1024x461.jpg\" alt=\"\" class=\"wp-image-4260\" srcset=\"https:\/\/ajmonnet.eu\/wp-content\/uploads\/2025\/03\/WhatsApp-Image-2025-03-04-a-15.25.05_b76fbc6a-1024x461.jpg 1024w, https:\/\/ajmonnet.eu\/wp-content\/uploads\/2025\/03\/WhatsApp-Image-2025-03-04-a-15.25.05_b76fbc6a-300x135.jpg 300w, https:\/\/ajmonnet.eu\/wp-content\/uploads\/2025\/03\/WhatsApp-Image-2025-03-04-a-15.25.05_b76fbc6a-768x346.jpg 768w, https:\/\/ajmonnet.eu\/wp-content\/uploads\/2025\/03\/WhatsApp-Image-2025-03-04-a-15.25.05_b76fbc6a-1536x691.jpg 1536w, https:\/\/ajmonnet.eu\/wp-content\/uploads\/2025\/03\/WhatsApp-Image-2025-03-04-a-15.25.05_b76fbc6a-18x8.jpg 18w, https:\/\/ajmonnet.eu\/wp-content\/uploads\/2025\/03\/WhatsApp-Image-2025-03-04-a-15.25.05_b76fbc6a.jpg 1600w\" sizes=\"auto, (max-width: 1024px) 100vw, 1024px\" \/><\/figure>\n\n\n\n<p>Representatives from all levels of local government and foreign guests from dozens of countries attended the event, with over 2,000 participants. Non-governmental organisations, members of foreign governments, representatives from the worlds of science and industry, as well as representatives from the worlds of culture and business, were all well represented. This 10th edition of the European Congress of Local Government was a unique venue, where the ideas of tomorrow were forged today.<\/p>\n\n\n\n<p>My panel was moderated by Piotr Ma\u0142ecki, Chairman of the Board of Defence24. We discussed the current geopolitical situation and the prospects for the end of the war in Ukraine. We addressed issues related to international relations, including the role of the United States, the European Union, Russia and China. We also reflected on the future of Poland and other countries in this part of Europe in the context of the ongoing conflict.<\/p>\n\n\n\n<p>Among the speakers with me were MP Andrzej Grzyb, Chairman of the National Defence Committee of the Sejm of the Republic of Poland, General Waldemar Skrzypczak, former Commander of the Polish Land Forces, Viacheslav Rubliov, MP of the Ukrainian Verkhovna Rada and Martina Heranov\u00e1, Head of the Security Studies Department of the Czech Institute CEVO.<\/p>\n\n\n\n<p>We have all agreed on the need for a rapid rearmament of the European Union.<\/p>\n\n\n\n<p><a href=\"https:\/\/ajmonnet.eu\/en\/members\/olivier-vedrine\/\" target=\"_blank\" rel=\"noreferrer noopener\">Olivier V\u00e9drine<\/a><\/p>","protected":false},"excerpt":{"rendered":"<p>J&rsquo;ai pris la parole au Forum \u00e9conomique de Mikolajki en Pologne les 3 et 4 mars en tant que directeur de l&rsquo;Association Jean Monnet. Le Congr\u00e8s europ\u00e9en des gouvernements locaux comme il s\u2019appelle est la plus grande plate-forme europ\u00e9enne de dialogue, de coop\u00e9ration, d\u2019\u00e9change de bonnes pratiques de gouvernances et de r\u00e9unions pour les responsables [&hellip;]<\/p>\n","protected":false},"author":13,"featured_media":4212,"comment_status":"closed","ping_status":"open","sticky":false,"template":"","format":"standard","meta":{"_acf_changed":false,"footnotes":""},"categories":[5],"tags":[6],"class_list":["post-4259","post","type-post","status-publish","format-standard","has-post-thumbnail","hentry","category-geopolitique","tag-europe"],"acf":[],"yoast_head":"<!-- This site is optimized with the Yoast SEO plugin v27.4 - https:\/\/yoast.com\/product\/yoast-seo-wordpress\/ -->\n<title>La 10e \u00e9dition du Congr\u00e8s europ\u00e9en des gouvernements locaux - Association Jean Monnet<\/title>\n<meta name=\"description\" content=\"Association Jean Monnet La 10e \u00e9dition du Congr\u00e8s europ\u00e9en des gouvernements locaux\" \/>\n<meta name=\"robots\" content=\"index, follow, max-snippet:-1, max-image-preview:large, max-video-preview:-1\" \/>\n<link rel=\"canonical\" href=\"https:\/\/ajmonnet.eu\/en\/la-10e-edition-du-congres-europeen-des-gouvernements-locaux\/\" \/>\n<meta property=\"og:locale\" content=\"en_GB\" \/>\n<meta property=\"og:type\" content=\"article\" \/>\n<meta property=\"og:title\" content=\"La 10e \u00e9dition du Congr\u00e8s europ\u00e9en des gouvernements locaux - Association Jean Monnet\" \/>\n<meta property=\"og:description\" content=\"Association Jean Monnet La 10e \u00e9dition du Congr\u00e8s europ\u00e9en des gouvernements locaux\" \/>\n<meta property=\"og:url\" content=\"https:\/\/ajmonnet.eu\/en\/la-10e-edition-du-congres-europeen-des-gouvernements-locaux\/\" \/>\n<meta property=\"og:site_name\" content=\"Association Jean Monnet\" \/>\n<meta property=\"article:publisher\" content=\"https:\/\/www.facebook.com\/associationjeanmonnet\" \/>\n<meta property=\"article:published_time\" content=\"2025-03-15T11:21:37+00:00\" \/>\n<meta property=\"article:modified_time\" content=\"2025-07-29T09:46:20+00:00\" \/>\n<meta property=\"og:image\" content=\"https:\/\/ajmonnet.eu\/wp-content\/uploads\/2025\/02\/2025-02-28_15h17_03.png\" \/>\n\t<meta property=\"og:image:width\" content=\"485\" \/>\n\t<meta property=\"og:image:height\" content=\"514\" \/>\n\t<meta property=\"og:image:type\" content=\"image\/png\" \/>\n<meta name=\"author\" content=\"Olivier V\u00e9drine\" \/>\n<meta name=\"twitter:card\" content=\"summary_large_image\" \/>\n<meta name=\"twitter:creator\" content=\"@VEDRINEOlivier\" \/>\n<meta name=\"twitter:site\" content=\"@AJMonnet\" \/>\n<meta name=\"twitter:label1\" content=\"Written by\" \/>\n\t<meta name=\"twitter:data1\" content=\"Olivier V\u00e9drine\" \/>\n\t<meta name=\"twitter:label2\" content=\"Estimated reading time\" \/>\n\t<meta name=\"twitter:data2\" content=\"3 minutes\" \/>\n<script type=\"application\/ld+json\" class=\"yoast-schema-graph\">{\"@context\":\"https:\\\/\\\/schema.org\",\"@graph\":[{\"@type\":\"Article\",\"@id\":\"https:\\\/\\\/ajmonnet.eu\\\/la-10e-edition-du-congres-europeen-des-gouvernements-locaux\\\/#article\",\"isPartOf\":{\"@id\":\"https:\\\/\\\/ajmonnet.eu\\\/la-10e-edition-du-congres-europeen-des-gouvernements-locaux\\\/\"},\"author\":{\"name\":\"Olivier V\u00e9drine\",\"@id\":\"https:\\\/\\\/ajmonnet.eu\\\/#\\\/schema\\\/person\\\/47a7618de542257cf1c4988be19021bc\"},\"headline\":\"La 10e \u00e9dition du Congr\u00e8s europ\u00e9en des gouvernements locaux\",\"datePublished\":\"2025-03-15T11:21:37+00:00\",\"dateModified\":\"2025-07-29T09:46:20+00:00\",\"mainEntityOfPage\":{\"@id\":\"https:\\\/\\\/ajmonnet.eu\\\/la-10e-edition-du-congres-europeen-des-gouvernements-locaux\\\/\"},\"wordCount\":369,\"publisher\":{\"@id\":\"https:\\\/\\\/ajmonnet.eu\\\/#organization\"},\"image\":{\"@id\":\"https:\\\/\\\/ajmonnet.eu\\\/la-10e-edition-du-congres-europeen-des-gouvernements-locaux\\\/#primaryimage\"},\"thumbnailUrl\":\"https:\\\/\\\/ajmonnet.eu\\\/wp-content\\\/uploads\\\/2025\\\/02\\\/2025-02-28_15h17_03.png\",\"keywords\":[\"Europe\"],\"articleSection\":[\"G\u00e9opolitique\"],\"inLanguage\":\"en-GB\"},{\"@type\":\"WebPage\",\"@id\":\"https:\\\/\\\/ajmonnet.eu\\\/la-10e-edition-du-congres-europeen-des-gouvernements-locaux\\\/\",\"url\":\"https:\\\/\\\/ajmonnet.eu\\\/la-10e-edition-du-congres-europeen-des-gouvernements-locaux\\\/\",\"name\":\"La 10e \u00e9dition du Congr\u00e8s europ\u00e9en des gouvernements locaux - Association Jean Monnet\",\"isPartOf\":{\"@id\":\"https:\\\/\\\/ajmonnet.eu\\\/#website\"},\"primaryImageOfPage\":{\"@id\":\"https:\\\/\\\/ajmonnet.eu\\\/la-10e-edition-du-congres-europeen-des-gouvernements-locaux\\\/#primaryimage\"},\"image\":{\"@id\":\"https:\\\/\\\/ajmonnet.eu\\\/la-10e-edition-du-congres-europeen-des-gouvernements-locaux\\\/#primaryimage\"},\"thumbnailUrl\":\"https:\\\/\\\/ajmonnet.eu\\\/wp-content\\\/uploads\\\/2025\\\/02\\\/2025-02-28_15h17_03.png\",\"datePublished\":\"2025-03-15T11:21:37+00:00\",\"dateModified\":\"2025-07-29T09:46:20+00:00\",\"description\":\"Association Jean Monnet La 10e \u00e9dition du Congr\u00e8s europ\u00e9en des gouvernements locaux\",\"breadcrumb\":{\"@id\":\"https:\\\/\\\/ajmonnet.eu\\\/la-10e-edition-du-congres-europeen-des-gouvernements-locaux\\\/#breadcrumb\"},\"inLanguage\":\"en-GB\",\"potentialAction\":[{\"@type\":\"ReadAction\",\"target\":[\"https:\\\/\\\/ajmonnet.eu\\\/la-10e-edition-du-congres-europeen-des-gouvernements-locaux\\\/\"]}]},{\"@type\":\"ImageObject\",\"inLanguage\":\"en-GB\",\"@id\":\"https:\\\/\\\/ajmonnet.eu\\\/la-10e-edition-du-congres-europeen-des-gouvernements-locaux\\\/#primaryimage\",\"url\":\"https:\\\/\\\/ajmonnet.eu\\\/wp-content\\\/uploads\\\/2025\\\/02\\\/2025-02-28_15h17_03.png\",\"contentUrl\":\"https:\\\/\\\/ajmonnet.eu\\\/wp-content\\\/uploads\\\/2025\\\/02\\\/2025-02-28_15h17_03.png\",\"width\":485,\"height\":514},{\"@type\":\"BreadcrumbList\",\"@id\":\"https:\\\/\\\/ajmonnet.eu\\\/la-10e-edition-du-congres-europeen-des-gouvernements-locaux\\\/#breadcrumb\",\"itemListElement\":[{\"@type\":\"ListItem\",\"position\":1,\"name\":\"Home\",\"item\":\"https:\\\/\\\/ajmonnet.eu\\\/\"},{\"@type\":\"ListItem\",\"position\":2,\"name\":\"La 10e \u00e9dition du Congr\u00e8s europ\u00e9en des gouvernements locaux\"}]},{\"@type\":\"WebSite\",\"@id\":\"https:\\\/\\\/ajmonnet.eu\\\/#website\",\"url\":\"https:\\\/\\\/ajmonnet.eu\\\/\",\"name\":\"Association Jean Monnet\",\"description\":\"Faire vivre au temps pr\u00e9sent les id\u00e9es europ\u00e9ennes de Jean Monnet\",\"publisher\":{\"@id\":\"https:\\\/\\\/ajmonnet.eu\\\/#organization\"},\"alternateName\":\"AJM\",\"potentialAction\":[{\"@type\":\"SearchAction\",\"target\":{\"@type\":\"EntryPoint\",\"urlTemplate\":\"https:\\\/\\\/ajmonnet.eu\\\/?s={search_term_string}\"},\"query-input\":{\"@type\":\"PropertyValueSpecification\",\"valueRequired\":true,\"valueName\":\"search_term_string\"}}],\"inLanguage\":\"en-GB\"},{\"@type\":\"Organization\",\"@id\":\"https:\\\/\\\/ajmonnet.eu\\\/#organization\",\"name\":\"ASSOCIATION JEAN MONNET\",\"alternateName\":\"AJM\",\"url\":\"https:\\\/\\\/ajmonnet.eu\\\/\",\"logo\":{\"@type\":\"ImageObject\",\"inLanguage\":\"en-GB\",\"@id\":\"https:\\\/\\\/ajmonnet.eu\\\/#\\\/schema\\\/logo\\\/image\\\/\",\"url\":\"https:\\\/\\\/ajmonnet.eu\\\/wp-content\\\/uploads\\\/2022\\\/04\\\/AJM-Logo-Color.png\",\"contentUrl\":\"https:\\\/\\\/ajmonnet.eu\\\/wp-content\\\/uploads\\\/2022\\\/04\\\/AJM-Logo-Color.png\",\"width\":386,\"height\":241,\"caption\":\"ASSOCIATION JEAN MONNET\"},\"image\":{\"@id\":\"https:\\\/\\\/ajmonnet.eu\\\/#\\\/schema\\\/logo\\\/image\\\/\"},\"sameAs\":[\"https:\\\/\\\/www.facebook.com\\\/associationjeanmonnet\",\"https:\\\/\\\/x.com\\\/AJMonnet\",\"https:\\\/\\\/www.linkedin.com\\\/company\\\/association-jean-monnet\",\"https:\\\/\\\/bsky.app\\\/profile\\\/ajeanmonnet.bsky.social\"]},{\"@type\":\"Person\",\"@id\":\"https:\\\/\\\/ajmonnet.eu\\\/#\\\/schema\\\/person\\\/47a7618de542257cf1c4988be19021bc\",\"name\":\"Olivier V\u00e9drine\",\"image\":{\"@type\":\"ImageObject\",\"inLanguage\":\"en-GB\",\"@id\":\"https:\\\/\\\/secure.gravatar.com\\\/avatar\\\/9f445e4407f068a74ad6971eae2599fb24b35206370c94fa8fa230bfc2c15101?s=96&d=mm&r=g\",\"url\":\"https:\\\/\\\/secure.gravatar.com\\\/avatar\\\/9f445e4407f068a74ad6971eae2599fb24b35206370c94fa8fa230bfc2c15101?s=96&d=mm&r=g\",\"contentUrl\":\"https:\\\/\\\/secure.gravatar.com\\\/avatar\\\/9f445e4407f068a74ad6971eae2599fb24b35206370c94fa8fa230bfc2c15101?s=96&d=mm&r=g\",\"caption\":\"Olivier V\u00e9drine\"},\"sameAs\":[\"https:\\\/\\\/ajmonnet.eu\\\/members\\\/olivier-vedrine\\\/\",\"https:\\\/\\\/fr.linkedin.com\\\/in\\\/oliviervedrine\",\"https:\\\/\\\/x.com\\\/VEDRINEOlivier\"],\"url\":\"https:\\\/\\\/ajmonnet.eu\\\/en\\\/author\\\/olived\\\/\"}]}<\/script>\n<!-- \/ Yoast SEO plugin. -->","yoast_head_json":{"title":"The 10th European Congress of Local Government - Association Jean Monnet","description":"Association Jean Monnet The 10th European Congress of Local Government","robots":{"index":"index","follow":"follow","max-snippet":"max-snippet:-1","max-image-preview":"max-image-preview:large","max-video-preview":"max-video-preview:-1"},"canonical":"https:\/\/ajmonnet.eu\/en\/la-10e-edition-du-congres-europeen-des-gouvernements-locaux\/","og_locale":"en_GB","og_type":"article","og_title":"La 10e \u00e9dition du Congr\u00e8s europ\u00e9en des gouvernements locaux - Association Jean Monnet","og_description":"Association Jean Monnet La 10e \u00e9dition du Congr\u00e8s europ\u00e9en des gouvernements locaux","og_url":"https:\/\/ajmonnet.eu\/en\/la-10e-edition-du-congres-europeen-des-gouvernements-locaux\/","og_site_name":"Association Jean Monnet","article_publisher":"https:\/\/www.facebook.com\/associationjeanmonnet","article_published_time":"2025-03-15T11:21:37+00:00","article_modified_time":"2025-07-29T09:46:20+00:00","og_image":[{"width":485,"height":514,"url":"https:\/\/ajmonnet.eu\/wp-content\/uploads\/2025\/02\/2025-02-28_15h17_03.png","type":"image\/png"}],"author":"Olivier V\u00e9drine","twitter_card":"summary_large_image","twitter_creator":"@VEDRINEOlivier","twitter_site":"@AJMonnet","twitter_misc":{"Written by":"Olivier V\u00e9drine","Estimated reading time":"3 minutes"},"schema":{"@context":"https:\/\/schema.org","@graph":[{"@type":"Article","@id":"https:\/\/ajmonnet.eu\/la-10e-edition-du-congres-europeen-des-gouvernements-locaux\/#article","isPartOf":{"@id":"https:\/\/ajmonnet.eu\/la-10e-edition-du-congres-europeen-des-gouvernements-locaux\/"},"author":{"name":"Olivier V\u00e9drine","@id":"https:\/\/ajmonnet.eu\/#\/schema\/person\/47a7618de542257cf1c4988be19021bc"},"headline":"La 10e \u00e9dition du Congr\u00e8s europ\u00e9en des gouvernements locaux","datePublished":"2025-03-15T11:21:37+00:00","dateModified":"2025-07-29T09:46:20+00:00","mainEntityOfPage":{"@id":"https:\/\/ajmonnet.eu\/la-10e-edition-du-congres-europeen-des-gouvernements-locaux\/"},"wordCount":369,"publisher":{"@id":"https:\/\/ajmonnet.eu\/#organization"},"image":{"@id":"https:\/\/ajmonnet.eu\/la-10e-edition-du-congres-europeen-des-gouvernements-locaux\/#primaryimage"},"thumbnailUrl":"https:\/\/ajmonnet.eu\/wp-content\/uploads\/2025\/02\/2025-02-28_15h17_03.png","keywords":["Europe"],"articleSection":["G\u00e9opolitique"],"inLanguage":"en-GB"},{"@type":"WebPage","@id":"https:\/\/ajmonnet.eu\/la-10e-edition-du-congres-europeen-des-gouvernements-locaux\/","url":"https:\/\/ajmonnet.eu\/la-10e-edition-du-congres-europeen-des-gouvernements-locaux\/","name":"The 10th European Congress of Local Government - Association Jean Monnet","isPartOf":{"@id":"https:\/\/ajmonnet.eu\/#website"},"primaryImageOfPage":{"@id":"https:\/\/ajmonnet.eu\/la-10e-edition-du-congres-europeen-des-gouvernements-locaux\/#primaryimage"},"image":{"@id":"https:\/\/ajmonnet.eu\/la-10e-edition-du-congres-europeen-des-gouvernements-locaux\/#primaryimage"},"thumbnailUrl":"https:\/\/ajmonnet.eu\/wp-content\/uploads\/2025\/02\/2025-02-28_15h17_03.png","datePublished":"2025-03-15T11:21:37+00:00","dateModified":"2025-07-29T09:46:20+00:00","description":"Association Jean Monnet The 10th European Congress of Local Government","breadcrumb":{"@id":"https:\/\/ajmonnet.eu\/la-10e-edition-du-congres-europeen-des-gouvernements-locaux\/#breadcrumb"},"inLanguage":"en-GB","potentialAction":[{"@type":"ReadAction","target":["https:\/\/ajmonnet.eu\/la-10e-edition-du-congres-europeen-des-gouvernements-locaux\/"]}]},{"@type":"ImageObject","inLanguage":"en-GB","@id":"https:\/\/ajmonnet.eu\/la-10e-edition-du-congres-europeen-des-gouvernements-locaux\/#primaryimage","url":"https:\/\/ajmonnet.eu\/wp-content\/uploads\/2025\/02\/2025-02-28_15h17_03.png","contentUrl":"https:\/\/ajmonnet.eu\/wp-content\/uploads\/2025\/02\/2025-02-28_15h17_03.png","width":485,"height":514},{"@type":"BreadcrumbList","@id":"https:\/\/ajmonnet.eu\/la-10e-edition-du-congres-europeen-des-gouvernements-locaux\/#breadcrumb","itemListElement":[{"@type":"ListItem","position":1,"name":"Home","item":"https:\/\/ajmonnet.eu\/"},{"@type":"ListItem","position":2,"name":"La 10e \u00e9dition du Congr\u00e8s europ\u00e9en des gouvernements locaux"}]},{"@type":"WebSite","@id":"https:\/\/ajmonnet.eu\/#website","url":"https:\/\/ajmonnet.eu\/","name":"Jean Monnet Association","description":"Bringing Jean Monnet's European ideas to life in the present","publisher":{"@id":"https:\/\/ajmonnet.eu\/#organization"},"alternateName":"AJM","potentialAction":[{"@type":"SearchAction","target":{"@type":"EntryPoint","urlTemplate":"https:\/\/ajmonnet.eu\/?s={search_term_string}"},"query-input":{"@type":"PropertyValueSpecification","valueRequired":true,"valueName":"search_term_string"}}],"inLanguage":"en-GB"},{"@type":"Organization","@id":"https:\/\/ajmonnet.eu\/#organization","name":"ASSOCIATION JEAN MONNET","alternateName":"AJM","url":"https:\/\/ajmonnet.eu\/","logo":{"@type":"ImageObject","inLanguage":"en-GB","@id":"https:\/\/ajmonnet.eu\/#\/schema\/logo\/image\/","url":"https:\/\/ajmonnet.eu\/wp-content\/uploads\/2022\/04\/AJM-Logo-Color.png","contentUrl":"https:\/\/ajmonnet.eu\/wp-content\/uploads\/2022\/04\/AJM-Logo-Color.png","width":386,"height":241,"caption":"ASSOCIATION JEAN MONNET"},"image":{"@id":"https:\/\/ajmonnet.eu\/#\/schema\/logo\/image\/"},"sameAs":["https:\/\/www.facebook.com\/associationjeanmonnet","https:\/\/x.com\/AJMonnet","https:\/\/www.linkedin.com\/company\/association-jean-monnet","https:\/\/bsky.app\/profile\/ajeanmonnet.bsky.social"]},{"@type":"Person","@id":"https:\/\/ajmonnet.eu\/#\/schema\/person\/47a7618de542257cf1c4988be19021bc","name":"Olivier V\u00e9drine","image":{"@type":"ImageObject","inLanguage":"en-GB","@id":"https:\/\/secure.gravatar.com\/avatar\/9f445e4407f068a74ad6971eae2599fb24b35206370c94fa8fa230bfc2c15101?s=96&d=mm&r=g","url":"https:\/\/secure.gravatar.com\/avatar\/9f445e4407f068a74ad6971eae2599fb24b35206370c94fa8fa230bfc2c15101?s=96&d=mm&r=g","contentUrl":"https:\/\/secure.gravatar.com\/avatar\/9f445e4407f068a74ad6971eae2599fb24b35206370c94fa8fa230bfc2c15101?s=96&d=mm&r=g","caption":"Olivier V\u00e9drine"},"sameAs":["https:\/\/ajmonnet.eu\/members\/olivier-vedrine\/","https:\/\/fr.linkedin.com\/in\/oliviervedrine","https:\/\/x.com\/VEDRINEOlivier"],"url":"https:\/\/ajmonnet.eu\/en\/author\/olived\/"}]}},"_links":{"self":[{"href":"https:\/\/ajmonnet.eu\/en\/wp-json\/wp\/v2\/posts\/4259","targetHints":{"allow":["GET"]}}],"collection":[{"href":"https:\/\/ajmonnet.eu\/en\/wp-json\/wp\/v2\/posts"}],"about":[{"href":"https:\/\/ajmonnet.eu\/en\/wp-json\/wp\/v2\/types\/post"}],"author":[{"embeddable":true,"href":"https:\/\/ajmonnet.eu\/en\/wp-json\/wp\/v2\/users\/13"}],"replies":[{"embeddable":true,"href":"https:\/\/ajmonnet.eu\/en\/wp-json\/wp\/v2\/comments?post=4259"}],"version-history":[{"count":2,"href":"https:\/\/ajmonnet.eu\/en\/wp-json\/wp\/v2\/posts\/4259\/revisions"}],"predecessor-version":[{"id":4263,"href":"https:\/\/ajmonnet.eu\/en\/wp-json\/wp\/v2\/posts\/4259\/revisions\/4263"}],"wp:featuredmedia":[{"embeddable":true,"href":"https:\/\/ajmonnet.eu\/en\/wp-json\/wp\/v2\/media\/4212"}],"wp:attachment":[{"href":"https:\/\/ajmonnet.eu\/en\/wp-json\/wp\/v2\/media?parent=4259"}],"wp:term":[{"taxonomy":"category","embeddable":true,"href":"https:\/\/ajmonnet.eu\/en\/wp-json\/wp\/v2\/categories?post=4259"},{"taxonomy":"post_tag","embeddable":true,"href":"https:\/\/ajmonnet.eu\/en\/wp-json\/wp\/v2\/tags?post=4259"}],"curies":[{"name":"wp","href":"https:\/\/api.w.org\/{rel}","templated":true}]}}