{"id":1017,"date":"2021-11-08T16:53:00","date_gmt":"2021-11-08T16:53:00","guid":{"rendered":"https:\/\/ajmonnet.eu\/?p=1017"},"modified":"2025-07-29T11:43:38","modified_gmt":"2025-07-29T09:43:38","slug":"quel-futur-pour-leurope","status":"publish","type":"post","link":"https:\/\/ajmonnet.eu\/en\/quel-futur-pour-leurope\/","title":{"rendered":"What future for Europe?"},"content":{"rendered":"<p>Colloquium of 6 November 2021 - Interventions by :<\/p>\n\n\n\n<p><strong>Pierre LARROUTUROU, MEP, Group of the Progressive Alliance of Socialists and Democrats in the European Parliament<\/strong><\/p>\n\n\n\n<figure class=\"wp-block-embed is-type-video is-provider-youtube wp-block-embed-youtube wp-embed-aspect-16-9 wp-has-aspect-ratio\"><div class=\"wp-block-embed__wrapper\">\n<iframe loading=\"lazy\" title=\"Jean Monnet and what future for Europe?  - Pierre Larrouturou\" width=\"500\" height=\"281\" src=\"https:\/\/www.youtube.com\/embed\/jX4DLBTnF3U?feature=oembed\" frameborder=\"0\" allow=\"accelerometer; autoplay; clipboard-write; encrypted-media; gyroscope; picture-in-picture; web-share\" referrerpolicy=\"strict-origin-when-cross-origin\" allowfullscreen><\/iframe>\n<\/div><\/figure>\n\n\n\n<p><strong><a href=\"https:\/\/ajmonnet.eu\/en\/members\/olivier-vedrine\/\" target=\"_blank\" rel=\"noreferrer noopener\">Olivier VEDRINE<\/a>Professor (h.c.), President of the Continental European Union Club, EU Expert, Journalist, Member of the Steering Committee of the Jean Monnet Association<\/strong><\/p>\n\n\n\n<figure class=\"wp-block-embed is-type-video is-provider-youtube wp-block-embed-youtube wp-embed-aspect-16-9 wp-has-aspect-ratio\"><div class=\"wp-block-embed__wrapper\">\n<iframe loading=\"lazy\" title=\"Jean Monnet and what future for Europe? - Olivier V\u00e9drine\" width=\"500\" height=\"281\" src=\"https:\/\/www.youtube.com\/embed\/A3tce2n49zs?feature=oembed\" frameborder=\"0\" allow=\"accelerometer; autoplay; clipboard-write; encrypted-media; gyroscope; picture-in-picture; web-share\" referrerpolicy=\"strict-origin-when-cross-origin\" allowfullscreen><\/iframe>\n<\/div><\/figure>\n\n\n\n<p><em>Moderator: Gianluca PASTORELLI Vice-President of the Jean Monnet Association.<\/em><\/p>\n\n\n\n<p>Cognac trader, French international civil servant, international banker, Jean Monnet is considered one of the \"fathers of Europe\". Born in Cognac, Charente, on 9 November 1888, he has always surprised by the audacity of his projects and by his pragmatism. Having received the honorary title of Honorary Citizen of Europe in 1976, awarded by the European Council of the European Union to a person for his or her outstanding work in promoting the construction of Europe, he undeniably contributed to building Europe and making it more concrete during his lifetime.<\/p>\n\n\n\n<div class=\"wp-block-file alignleft\"><a id=\"wp-block-file--media-12e0416d-3865-4479-98e2-34816182bad9\" href=\"http:\/\/ajmonnet.eu\/wp-content\/uploads\/2022\/04\/Observe-result-of-report-type-Yearly-Airline-Performance-Report.jpg\">File with analytics<\/a><a href=\"http:\/\/ajmonnet.eu\/wp-content\/uploads\/2022\/04\/Observe-result-of-report-type-Yearly-Airline-Performance-Report.jpg\" class=\"wp-block-file__button\" download aria-describedby=\"wp-block-file--media-12e0416d-3865-4479-98e2-34816182bad9\">Download<\/a><\/div>\n\n\n\n<div class=\"wp-block-buttons is-layout-flex wp-block-buttons-is-layout-flex\"><\/div>\n\n\n\n<div class=\"wp-block-buttons is-content-justification-center is-layout-flex wp-container-core-buttons-is-layout-16018d1d wp-block-buttons-is-layout-flex\">\n<div class=\"wp-block-button\"><a class=\"wp-block-button__link\" href=\"https:\/\/www.google.com\/\" target=\"_blank\" rel=\"noreferrer noopener\">See test<\/a><\/div>\n<\/div>\n\n\n\n<p>He wrote in his Memoirs: \"I always thought that Europe would be made in crises, and that it would be the sum of the solutions to these crises.<br>He saw opportunities in the crises that humanity or Europe was going through. Thus, he presented his revolutionary project for the creation of the European Coal and Steel Community (ECSC) in the 1950s, the Schuman Declaration in the years '55-'57, the project for the European Defence Community (EDC) and the Action Committee for a United States of Europe...<br>He was constantly looking ahead and was a man of action.<br>For Jean Monnet, crises were premises for possible recoveries, as the current crisis linked to COVID-19 has demonstrated for Europe. Does this visionary spirit still remain in the decisions of today's political leaders at European level? Are the Europe of Health, the new \"EU Next Generation\" budget, the Conference on the Future of Europe, the new ALMA project announced by Ursula von der Leyen on 15 September during her State of the Union speech #SOTEU ... examples of rebounds for Europe in times of crisis?<\/p>\n\n\n\n<p>Although Monnet envisaged the construction of Europe with the aim of solving European problems, his vision was global, attaching great importance to peace. He believed in the equality of men and nations, and he emphasised the importance of man at every turn. An alert humanist, he retained his pragmatism and stated that \"men accept change only in necessity and they see necessity only in crisis\" (Memoir p 129).<\/p>","protected":false},"excerpt":{"rendered":"<p>Colloque du 6 Novembre 2021 &#8211; Interventions de : Pierre LARROUTUROU, d\u00e9put\u00e9 europ\u00e9en, Groupe de l\u2019Alliance Progressiste des Socialistes et D\u00e9mocrates au Parlement europ\u00e9en Olivier VEDRINE, Professeur (h.c.), President of the Continental European Union Club, EU Expert, Journaliste, Membre du Comit\u00e9 d\u2019Orientation de l\u2019Association Jean Monnet Mod\u00e9ration&nbsp;: Gianluca PASTORELLI Vice-Pr\u00e9sident de l\u2019Association Jean Monnet. N\u00e9gociant [&hellip;]<\/p>\n","protected":false},"author":4,"featured_media":31,"comment_status":"closed","ping_status":"open","sticky":false,"template":"","format":"standard","meta":{"_acf_changed":false,"footnotes":""},"categories":[4,3],"tags":[6],"class_list":["post-1017","post","type-post","status-publish","format-standard","has-post-thumbnail","hentry","category-europe","category-ukraine","tag-europe"],"acf":[],"yoast_head":"<!-- This site is optimized with the Yoast SEO plugin v27.4 - https:\/\/yoast.com\/product\/yoast-seo-wordpress\/ -->\n<title>Quel futur pour l&#039;Europe ? - Association Jean Monnet<\/title>\n<meta name=\"description\" content=\"Association Jean Monnet Europe Quel futur pour l&#039;Europe ?\" \/>\n<meta name=\"robots\" content=\"index, follow, max-snippet:-1, max-image-preview:large, max-video-preview:-1\" \/>\n<link rel=\"canonical\" href=\"https:\/\/ajmonnet.eu\/en\/quel-futur-pour-leurope\/\" \/>\n<meta property=\"og:locale\" content=\"en_GB\" \/>\n<meta property=\"og:type\" content=\"article\" \/>\n<meta property=\"og:title\" content=\"Quel futur pour l&#039;Europe ? - Association Jean Monnet\" \/>\n<meta property=\"og:description\" content=\"Association Jean Monnet Europe Quel futur pour l&#039;Europe ?\" \/>\n<meta property=\"og:url\" content=\"https:\/\/ajmonnet.eu\/en\/quel-futur-pour-leurope\/\" \/>\n<meta property=\"og:site_name\" content=\"Association Jean Monnet\" \/>\n<meta property=\"article:publisher\" content=\"https:\/\/www.facebook.com\/associationjeanmonnet\" \/>\n<meta property=\"article:published_time\" content=\"2021-11-08T16:53:00+00:00\" \/>\n<meta property=\"article:modified_time\" content=\"2025-07-29T09:43:38+00:00\" \/>\n<meta property=\"og:image\" content=\"https:\/\/ajmonnet.eu\/wp-content\/uploads\/2022\/03\/image-article-main.png\" \/>\n\t<meta property=\"og:image:width\" content=\"812\" \/>\n\t<meta property=\"og:image:height\" content=\"415\" \/>\n\t<meta property=\"og:image:type\" content=\"image\/png\" \/>\n<meta name=\"author\" content=\"Fabien Chevalier\" \/>\n<meta name=\"twitter:card\" content=\"summary_large_image\" \/>\n<meta name=\"twitter:creator\" content=\"@AJMonnet\" \/>\n<meta name=\"twitter:site\" content=\"@AJMonnet\" \/>\n<meta name=\"twitter:label1\" content=\"Written by\" \/>\n\t<meta name=\"twitter:data1\" content=\"Fabien Chevalier\" \/>\n\t<meta name=\"twitter:label2\" content=\"Estimated reading time\" \/>\n\t<meta name=\"twitter:data2\" content=\"3 minutes\" \/>\n<script type=\"application\/ld+json\" class=\"yoast-schema-graph\">{\"@context\":\"https:\\\/\\\/schema.org\",\"@graph\":[{\"@type\":\"Article\",\"@id\":\"https:\\\/\\\/ajmonnet.eu\\\/quel-futur-pour-leurope\\\/#article\",\"isPartOf\":{\"@id\":\"https:\\\/\\\/ajmonnet.eu\\\/quel-futur-pour-leurope\\\/\"},\"author\":{\"name\":\"Fabien Chevalier\",\"@id\":\"https:\\\/\\\/ajmonnet.eu\\\/#\\\/schema\\\/person\\\/d75372ee9efa1f5270aae02e9a833f25\"},\"headline\":\"Quel futur pour l&rsquo;Europe ?\",\"datePublished\":\"2021-11-08T16:53:00+00:00\",\"dateModified\":\"2025-07-29T09:43:38+00:00\",\"mainEntityOfPage\":{\"@id\":\"https:\\\/\\\/ajmonnet.eu\\\/quel-futur-pour-leurope\\\/\"},\"wordCount\":495,\"publisher\":{\"@id\":\"https:\\\/\\\/ajmonnet.eu\\\/#organization\"},\"image\":{\"@id\":\"https:\\\/\\\/ajmonnet.eu\\\/quel-futur-pour-leurope\\\/#primaryimage\"},\"thumbnailUrl\":\"https:\\\/\\\/ajmonnet.eu\\\/wp-content\\\/uploads\\\/2022\\\/03\\\/image-article-main.png\",\"keywords\":[\"Europe\"],\"articleSection\":[\"Europe\",\"Ukraine\"],\"inLanguage\":\"en-GB\"},{\"@type\":\"WebPage\",\"@id\":\"https:\\\/\\\/ajmonnet.eu\\\/quel-futur-pour-leurope\\\/\",\"url\":\"https:\\\/\\\/ajmonnet.eu\\\/quel-futur-pour-leurope\\\/\",\"name\":\"Quel futur pour l'Europe ? - Association Jean Monnet\",\"isPartOf\":{\"@id\":\"https:\\\/\\\/ajmonnet.eu\\\/#website\"},\"primaryImageOfPage\":{\"@id\":\"https:\\\/\\\/ajmonnet.eu\\\/quel-futur-pour-leurope\\\/#primaryimage\"},\"image\":{\"@id\":\"https:\\\/\\\/ajmonnet.eu\\\/quel-futur-pour-leurope\\\/#primaryimage\"},\"thumbnailUrl\":\"https:\\\/\\\/ajmonnet.eu\\\/wp-content\\\/uploads\\\/2022\\\/03\\\/image-article-main.png\",\"datePublished\":\"2021-11-08T16:53:00+00:00\",\"dateModified\":\"2025-07-29T09:43:38+00:00\",\"description\":\"Association Jean Monnet Europe Quel futur pour l'Europe ?\",\"breadcrumb\":{\"@id\":\"https:\\\/\\\/ajmonnet.eu\\\/quel-futur-pour-leurope\\\/#breadcrumb\"},\"inLanguage\":\"en-GB\",\"potentialAction\":[{\"@type\":\"ReadAction\",\"target\":[\"https:\\\/\\\/ajmonnet.eu\\\/quel-futur-pour-leurope\\\/\"]}]},{\"@type\":\"ImageObject\",\"inLanguage\":\"en-GB\",\"@id\":\"https:\\\/\\\/ajmonnet.eu\\\/quel-futur-pour-leurope\\\/#primaryimage\",\"url\":\"https:\\\/\\\/ajmonnet.eu\\\/wp-content\\\/uploads\\\/2022\\\/03\\\/image-article-main.png\",\"contentUrl\":\"https:\\\/\\\/ajmonnet.eu\\\/wp-content\\\/uploads\\\/2022\\\/03\\\/image-article-main.png\",\"width\":812,\"height\":415},{\"@type\":\"BreadcrumbList\",\"@id\":\"https:\\\/\\\/ajmonnet.eu\\\/quel-futur-pour-leurope\\\/#breadcrumb\",\"itemListElement\":[{\"@type\":\"ListItem\",\"position\":1,\"name\":\"Home\",\"item\":\"https:\\\/\\\/ajmonnet.eu\\\/\"},{\"@type\":\"ListItem\",\"position\":2,\"name\":\"Quel futur pour l&rsquo;Europe ?\"}]},{\"@type\":\"WebSite\",\"@id\":\"https:\\\/\\\/ajmonnet.eu\\\/#website\",\"url\":\"https:\\\/\\\/ajmonnet.eu\\\/\",\"name\":\"Association Jean Monnet\",\"description\":\"Faire vivre au temps pr\u00e9sent les id\u00e9es europ\u00e9ennes de Jean Monnet\",\"publisher\":{\"@id\":\"https:\\\/\\\/ajmonnet.eu\\\/#organization\"},\"alternateName\":\"AJM\",\"potentialAction\":[{\"@type\":\"SearchAction\",\"target\":{\"@type\":\"EntryPoint\",\"urlTemplate\":\"https:\\\/\\\/ajmonnet.eu\\\/?s={search_term_string}\"},\"query-input\":{\"@type\":\"PropertyValueSpecification\",\"valueRequired\":true,\"valueName\":\"search_term_string\"}}],\"inLanguage\":\"en-GB\"},{\"@type\":\"Organization\",\"@id\":\"https:\\\/\\\/ajmonnet.eu\\\/#organization\",\"name\":\"ASSOCIATION JEAN MONNET\",\"alternateName\":\"AJM\",\"url\":\"https:\\\/\\\/ajmonnet.eu\\\/\",\"logo\":{\"@type\":\"ImageObject\",\"inLanguage\":\"en-GB\",\"@id\":\"https:\\\/\\\/ajmonnet.eu\\\/#\\\/schema\\\/logo\\\/image\\\/\",\"url\":\"https:\\\/\\\/ajmonnet.eu\\\/wp-content\\\/uploads\\\/2022\\\/04\\\/AJM-Logo-Color.png\",\"contentUrl\":\"https:\\\/\\\/ajmonnet.eu\\\/wp-content\\\/uploads\\\/2022\\\/04\\\/AJM-Logo-Color.png\",\"width\":386,\"height\":241,\"caption\":\"ASSOCIATION JEAN MONNET\"},\"image\":{\"@id\":\"https:\\\/\\\/ajmonnet.eu\\\/#\\\/schema\\\/logo\\\/image\\\/\"},\"sameAs\":[\"https:\\\/\\\/www.facebook.com\\\/associationjeanmonnet\",\"https:\\\/\\\/x.com\\\/AJMonnet\",\"https:\\\/\\\/www.linkedin.com\\\/company\\\/association-jean-monnet\",\"https:\\\/\\\/bsky.app\\\/profile\\\/ajeanmonnet.bsky.social\"]},{\"@type\":\"Person\",\"@id\":\"https:\\\/\\\/ajmonnet.eu\\\/#\\\/schema\\\/person\\\/d75372ee9efa1f5270aae02e9a833f25\",\"name\":\"Fabien Chevalier\",\"image\":{\"@type\":\"ImageObject\",\"inLanguage\":\"en-GB\",\"@id\":\"https:\\\/\\\/secure.gravatar.com\\\/avatar\\\/ef28d1335a652add1f9c6fafcff2220c35588481f5a058a85b1351c0cf3dadbe?s=96&d=mm&r=g\",\"url\":\"https:\\\/\\\/secure.gravatar.com\\\/avatar\\\/ef28d1335a652add1f9c6fafcff2220c35588481f5a058a85b1351c0cf3dadbe?s=96&d=mm&r=g\",\"contentUrl\":\"https:\\\/\\\/secure.gravatar.com\\\/avatar\\\/ef28d1335a652add1f9c6fafcff2220c35588481f5a058a85b1351c0cf3dadbe?s=96&d=mm&r=g\",\"caption\":\"Fabien Chevalier\"},\"url\":\"https:\\\/\\\/ajmonnet.eu\\\/en\\\/author\\\/fabi-chev\\\/\"}]}<\/script>\n<!-- \/ Yoast SEO plugin. -->","yoast_head_json":{"title":"What future for Europe? - Jean Monnet Association","description":"Association Jean Monnet Europe What future for Europe?","robots":{"index":"index","follow":"follow","max-snippet":"max-snippet:-1","max-image-preview":"max-image-preview:large","max-video-preview":"max-video-preview:-1"},"canonical":"https:\/\/ajmonnet.eu\/en\/quel-futur-pour-leurope\/","og_locale":"en_GB","og_type":"article","og_title":"Quel futur pour l'Europe ? - Association Jean Monnet","og_description":"Association Jean Monnet Europe Quel futur pour l'Europe ?","og_url":"https:\/\/ajmonnet.eu\/en\/quel-futur-pour-leurope\/","og_site_name":"Association Jean Monnet","article_publisher":"https:\/\/www.facebook.com\/associationjeanmonnet","article_published_time":"2021-11-08T16:53:00+00:00","article_modified_time":"2025-07-29T09:43:38+00:00","og_image":[{"width":812,"height":415,"url":"https:\/\/ajmonnet.eu\/wp-content\/uploads\/2022\/03\/image-article-main.png","type":"image\/png"}],"author":"Fabien Chevalier","twitter_card":"summary_large_image","twitter_creator":"@AJMonnet","twitter_site":"@AJMonnet","twitter_misc":{"Written by":"Fabien Chevalier","Estimated reading time":"3 minutes"},"schema":{"@context":"https:\/\/schema.org","@graph":[{"@type":"Article","@id":"https:\/\/ajmonnet.eu\/quel-futur-pour-leurope\/#article","isPartOf":{"@id":"https:\/\/ajmonnet.eu\/quel-futur-pour-leurope\/"},"author":{"name":"Fabien Chevalier","@id":"https:\/\/ajmonnet.eu\/#\/schema\/person\/d75372ee9efa1f5270aae02e9a833f25"},"headline":"Quel futur pour l&rsquo;Europe ?","datePublished":"2021-11-08T16:53:00+00:00","dateModified":"2025-07-29T09:43:38+00:00","mainEntityOfPage":{"@id":"https:\/\/ajmonnet.eu\/quel-futur-pour-leurope\/"},"wordCount":495,"publisher":{"@id":"https:\/\/ajmonnet.eu\/#organization"},"image":{"@id":"https:\/\/ajmonnet.eu\/quel-futur-pour-leurope\/#primaryimage"},"thumbnailUrl":"https:\/\/ajmonnet.eu\/wp-content\/uploads\/2022\/03\/image-article-main.png","keywords":["Europe"],"articleSection":["Europe","Ukraine"],"inLanguage":"en-GB"},{"@type":"WebPage","@id":"https:\/\/ajmonnet.eu\/quel-futur-pour-leurope\/","url":"https:\/\/ajmonnet.eu\/quel-futur-pour-leurope\/","name":"What future for Europe? - Jean Monnet Association","isPartOf":{"@id":"https:\/\/ajmonnet.eu\/#website"},"primaryImageOfPage":{"@id":"https:\/\/ajmonnet.eu\/quel-futur-pour-leurope\/#primaryimage"},"image":{"@id":"https:\/\/ajmonnet.eu\/quel-futur-pour-leurope\/#primaryimage"},"thumbnailUrl":"https:\/\/ajmonnet.eu\/wp-content\/uploads\/2022\/03\/image-article-main.png","datePublished":"2021-11-08T16:53:00+00:00","dateModified":"2025-07-29T09:43:38+00:00","description":"Association Jean Monnet Europe What future for Europe?","breadcrumb":{"@id":"https:\/\/ajmonnet.eu\/quel-futur-pour-leurope\/#breadcrumb"},"inLanguage":"en-GB","potentialAction":[{"@type":"ReadAction","target":["https:\/\/ajmonnet.eu\/quel-futur-pour-leurope\/"]}]},{"@type":"ImageObject","inLanguage":"en-GB","@id":"https:\/\/ajmonnet.eu\/quel-futur-pour-leurope\/#primaryimage","url":"https:\/\/ajmonnet.eu\/wp-content\/uploads\/2022\/03\/image-article-main.png","contentUrl":"https:\/\/ajmonnet.eu\/wp-content\/uploads\/2022\/03\/image-article-main.png","width":812,"height":415},{"@type":"BreadcrumbList","@id":"https:\/\/ajmonnet.eu\/quel-futur-pour-leurope\/#breadcrumb","itemListElement":[{"@type":"ListItem","position":1,"name":"Home","item":"https:\/\/ajmonnet.eu\/"},{"@type":"ListItem","position":2,"name":"Quel futur pour l&rsquo;Europe ?"}]},{"@type":"WebSite","@id":"https:\/\/ajmonnet.eu\/#website","url":"https:\/\/ajmonnet.eu\/","name":"Jean Monnet Association","description":"Bringing Jean Monnet's European ideas to life in the present","publisher":{"@id":"https:\/\/ajmonnet.eu\/#organization"},"alternateName":"AJM","potentialAction":[{"@type":"SearchAction","target":{"@type":"EntryPoint","urlTemplate":"https:\/\/ajmonnet.eu\/?s={search_term_string}"},"query-input":{"@type":"PropertyValueSpecification","valueRequired":true,"valueName":"search_term_string"}}],"inLanguage":"en-GB"},{"@type":"Organization","@id":"https:\/\/ajmonnet.eu\/#organization","name":"ASSOCIATION JEAN MONNET","alternateName":"AJM","url":"https:\/\/ajmonnet.eu\/","logo":{"@type":"ImageObject","inLanguage":"en-GB","@id":"https:\/\/ajmonnet.eu\/#\/schema\/logo\/image\/","url":"https:\/\/ajmonnet.eu\/wp-content\/uploads\/2022\/04\/AJM-Logo-Color.png","contentUrl":"https:\/\/ajmonnet.eu\/wp-content\/uploads\/2022\/04\/AJM-Logo-Color.png","width":386,"height":241,"caption":"ASSOCIATION JEAN MONNET"},"image":{"@id":"https:\/\/ajmonnet.eu\/#\/schema\/logo\/image\/"},"sameAs":["https:\/\/www.facebook.com\/associationjeanmonnet","https:\/\/x.com\/AJMonnet","https:\/\/www.linkedin.com\/company\/association-jean-monnet","https:\/\/bsky.app\/profile\/ajeanmonnet.bsky.social"]},{"@type":"Person","@id":"https:\/\/ajmonnet.eu\/#\/schema\/person\/d75372ee9efa1f5270aae02e9a833f25","name":"Fabien Chevalier","image":{"@type":"ImageObject","inLanguage":"en-GB","@id":"https:\/\/secure.gravatar.com\/avatar\/ef28d1335a652add1f9c6fafcff2220c35588481f5a058a85b1351c0cf3dadbe?s=96&d=mm&r=g","url":"https:\/\/secure.gravatar.com\/avatar\/ef28d1335a652add1f9c6fafcff2220c35588481f5a058a85b1351c0cf3dadbe?s=96&d=mm&r=g","contentUrl":"https:\/\/secure.gravatar.com\/avatar\/ef28d1335a652add1f9c6fafcff2220c35588481f5a058a85b1351c0cf3dadbe?s=96&d=mm&r=g","caption":"Fabien Chevalier"},"url":"https:\/\/ajmonnet.eu\/en\/author\/fabi-chev\/"}]}},"_links":{"self":[{"href":"https:\/\/ajmonnet.eu\/en\/wp-json\/wp\/v2\/posts\/1017","targetHints":{"allow":["GET"]}}],"collection":[{"href":"https:\/\/ajmonnet.eu\/en\/wp-json\/wp\/v2\/posts"}],"about":[{"href":"https:\/\/ajmonnet.eu\/en\/wp-json\/wp\/v2\/types\/post"}],"author":[{"embeddable":true,"href":"https:\/\/ajmonnet.eu\/en\/wp-json\/wp\/v2\/users\/4"}],"replies":[{"embeddable":true,"href":"https:\/\/ajmonnet.eu\/en\/wp-json\/wp\/v2\/comments?post=1017"}],"version-history":[{"count":13,"href":"https:\/\/ajmonnet.eu\/en\/wp-json\/wp\/v2\/posts\/1017\/revisions"}],"predecessor-version":[{"id":1568,"href":"https:\/\/ajmonnet.eu\/en\/wp-json\/wp\/v2\/posts\/1017\/revisions\/1568"}],"wp:featuredmedia":[{"embeddable":true,"href":"https:\/\/ajmonnet.eu\/en\/wp-json\/wp\/v2\/media\/31"}],"wp:attachment":[{"href":"https:\/\/ajmonnet.eu\/en\/wp-json\/wp\/v2\/media?parent=1017"}],"wp:term":[{"taxonomy":"category","embeddable":true,"href":"https:\/\/ajmonnet.eu\/en\/wp-json\/wp\/v2\/categories?post=1017"},{"taxonomy":"post_tag","embeddable":true,"href":"https:\/\/ajmonnet.eu\/en\/wp-json\/wp\/v2\/tags?post=1017"}],"curies":[{"name":"wp","href":"https:\/\/api.w.org\/{rel}","templated":true}]}}