{"id":3300,"date":"2023-04-21T15:04:00","date_gmt":"2023-04-21T15:04:00","guid":{"rendered":"https:\/\/ajmonnet.eu\/?p=3300"},"modified":"2025-07-29T11:44:49","modified_gmt":"2025-07-29T09:44:49","slug":"yo-wo-avril-2023","status":"publish","type":"post","link":"https:\/\/ajmonnet.eu\/de\/yo-wo-avril-2023\/","title":{"rendered":"Yo-Wo - April 2023"},"content":{"rendered":"<div class=\"wp-block-columns is-layout-flex wp-container-core-columns-is-layout-9d6595d7 wp-block-columns-is-layout-flex\">\n<div class=\"wp-block-column is-layout-flow wp-block-column-is-layout-flow\" style=\"flex-basis:66.66%\">\n<figure class=\"wp-block-image size-large\"><img loading=\"lazy\" decoding=\"async\" width=\"1024\" height=\"497\" src=\"https:\/\/ajmonnet.eu\/wp-content\/uploads\/2023\/10\/IMG-20230419-WA0021-1024x497.jpg\" alt=\"\" class=\"wp-image-3301\" srcset=\"https:\/\/ajmonnet.eu\/wp-content\/uploads\/2023\/10\/IMG-20230419-WA0021-1024x497.jpg 1024w, https:\/\/ajmonnet.eu\/wp-content\/uploads\/2023\/10\/IMG-20230419-WA0021-300x146.jpg 300w, https:\/\/ajmonnet.eu\/wp-content\/uploads\/2023\/10\/IMG-20230419-WA0021-768x373.jpg 768w, https:\/\/ajmonnet.eu\/wp-content\/uploads\/2023\/10\/IMG-20230419-WA0021-1536x746.jpg 1536w, https:\/\/ajmonnet.eu\/wp-content\/uploads\/2023\/10\/IMG-20230419-WA0021-18x9.jpg 18w, https:\/\/ajmonnet.eu\/wp-content\/uploads\/2023\/10\/IMG-20230419-WA0021.jpg 1600w\" sizes=\"auto, (max-width: 1024px) 100vw, 1024px\" \/><\/figure>\n<\/div>\n\n\n\n<div class=\"wp-block-column is-layout-flow wp-block-column-is-layout-flow\" style=\"flex-basis:33.33%\">\n<p>Der Tag beginnt heute in Velenje (Velenie) in Slowenien \ud83c\uddf8\ud83c\uddee mit dem zweiten Treffen des St\u00e4dtenetzwerks Yo-Wo (Young Workforce - Youth and Gender Equality for Europe`s Welfare), wo wir unsere Erfahrungen und bew\u00e4hrten Praktiken im Bereich Jugendprojekte austauschen werden.<\/p>\n<\/div>\n<\/div>\n\n\n\n<p>Unter den Aktivit\u00e4ten dieser zweit\u00e4gigen Veranstaltung werden wir Dialoge mit lokalen Experten zum Thema \"Welche M\u00f6glichkeiten bietet die EU?\" \u00fcber Erasmus+ Projekte, den EFD (Europ\u00e4ischer Freiwilligendienst), Jugendaustausch und andere Themen f\u00fchren. Wir werden Debatten mit lokalen Studenten \u00fcber europ\u00e4ische M\u00f6glichkeiten f\u00fchren, bei denen die Jugendlichen erfahren, wie wichtig es ist, sich an der EU-Politik zu beteiligen; und jeder Partner wird erkunden, wie diese Strategien in seinen Gemeinden oder Einheiten umgesetzt werden k\u00f6nnen; und wir werden Stra\u00dfenaktionen durchf\u00fchren: \"Europa vor Ort\", bei denen wir Interviews mit lokalen B\u00fcrgern \u00fcber die Jugendpolitik der EU f\u00fchren werden.<\/p>\n\n\n\n<div class=\"wp-block-columns is-layout-flex wp-container-core-columns-is-layout-9d6595d7 wp-block-columns-is-layout-flex\">\n<div class=\"wp-block-column is-layout-flow wp-block-column-is-layout-flow\" style=\"flex-basis:66.66%\">\n<p>Projektpartner sind der Gemeinderat von La Pobla Llarga (Spanien), der Bulgarische Jugendverband (Bulgarien), CARDET (Zypern), das Jugendzentrum Velenje (Slowenien), der Gemeinderat von Rhenen (Niederlande), der Gemeinderat von Ujszilvas (Ungarn), die Autokreakja-Stiftung (Polen) und die Jean-Monnet-Vereinigung, vertreten durch Zacharie Schaerlinger und seinen Vizepr\u00e4sidenten Miguel \u00c1ngel Mart\u00edn Ramos, in Zusammenarbeit mit der Stiftung Yuste, einem strategischen Partner der Association Jean Monnet, der Stiftung Autokreakja (Polen) und der Association Jean Monnet, vertreten durch Zacharie Schaerlinger und seinen Vizepr\u00e4sidenten Miguel \u00c1ngel Mart\u00edn Ramos, in Zusammenarbeit mit der Stiftung Yuste, einem strategischen Partner der Association Jean Monnet.<\/p>\n<\/div>\n\n\n\n<div class=\"wp-block-column is-layout-flow wp-block-column-is-layout-flow\" style=\"flex-basis:33.33%\">\n<figure class=\"wp-block-image size-large\"><img loading=\"lazy\" decoding=\"async\" width=\"1024\" height=\"768\" src=\"https:\/\/ajmonnet.eu\/wp-content\/uploads\/2023\/10\/IMG-20230419-WA0022-1024x768.jpg\" alt=\"\" class=\"wp-image-3302\" srcset=\"https:\/\/ajmonnet.eu\/wp-content\/uploads\/2023\/10\/IMG-20230419-WA0022-1024x768.jpg 1024w, https:\/\/ajmonnet.eu\/wp-content\/uploads\/2023\/10\/IMG-20230419-WA0022-300x225.jpg 300w, https:\/\/ajmonnet.eu\/wp-content\/uploads\/2023\/10\/IMG-20230419-WA0022-768x576.jpg 768w, https:\/\/ajmonnet.eu\/wp-content\/uploads\/2023\/10\/IMG-20230419-WA0022-1536x1152.jpg 1536w, https:\/\/ajmonnet.eu\/wp-content\/uploads\/2023\/10\/IMG-20230419-WA0022-16x12.jpg 16w, https:\/\/ajmonnet.eu\/wp-content\/uploads\/2023\/10\/IMG-20230419-WA0022.jpg 1600w\" sizes=\"auto, (max-width: 1024px) 100vw, 1024px\" \/><\/figure>\n<\/div>\n<\/div>\n\n\n\n<div class=\"wp-block-columns is-layout-flex wp-container-core-columns-is-layout-9d6595d7 wp-block-columns-is-layout-flex\">\n<div class=\"wp-block-column is-layout-flow wp-block-column-is-layout-flow\" style=\"flex-basis:66.66%\">\n<figure class=\"wp-block-image size-large\"><img loading=\"lazy\" decoding=\"async\" width=\"1024\" height=\"485\" src=\"https:\/\/ajmonnet.eu\/wp-content\/uploads\/2023\/10\/IMG-20230420-WA0006-1024x485.jpg\" alt=\"\" class=\"wp-image-3303\" srcset=\"https:\/\/ajmonnet.eu\/wp-content\/uploads\/2023\/10\/IMG-20230420-WA0006-1024x485.jpg 1024w, https:\/\/ajmonnet.eu\/wp-content\/uploads\/2023\/10\/IMG-20230420-WA0006-300x142.jpg 300w, https:\/\/ajmonnet.eu\/wp-content\/uploads\/2023\/10\/IMG-20230420-WA0006-768x363.jpg 768w, https:\/\/ajmonnet.eu\/wp-content\/uploads\/2023\/10\/IMG-20230420-WA0006-1536x727.jpg 1536w, https:\/\/ajmonnet.eu\/wp-content\/uploads\/2023\/10\/IMG-20230420-WA0006-18x9.jpg 18w, https:\/\/ajmonnet.eu\/wp-content\/uploads\/2023\/10\/IMG-20230420-WA0006.jpg 2016w\" sizes=\"auto, (max-width: 1024px) 100vw, 1024px\" \/><\/figure>\n<\/div>\n\n\n\n<div class=\"wp-block-column is-layout-flow wp-block-column-is-layout-flow\" style=\"flex-basis:33.33%\">\n<p>Das Projekt, das vom Gemeinderat von La Pobla Llarga (Spanien) geleitet wird, soll das Bewusstsein f\u00fcr die Jugendbesch\u00e4ftigung in Europa und die geschlechtsspezifischen Unterschiede sch\u00e4rfen und zum Nachdenken anregen.<\/p>\n<\/div>\n<\/div>\n\n\n\n<p>Weiter geht es mit dem Arbeitstreffen des Projekts Yo-Wo (Jugend und Besch\u00e4ftigung), mit Workshops zum Erfahrungsaustausch \u00fcber lokale Projekte, Strategien und Initiativen f\u00fcr Jugendliche in den im Projekt vertretenen Gemeinden.<\/p>\n\n\n\n<div class=\"wp-block-buttons is-layout-flex wp-block-buttons-is-layout-flex\">\n<div class=\"wp-block-button\"><a class=\"wp-block-button__link has-vivid-cyan-blue-background-color has-background wp-element-button\" href=\"https:\/\/tranquil-bienenstitch-592df3.netlify.app\/files\/EVENTDESCRIPTION2SLOVENIA.pdf\" target=\"_blank\" rel=\"noreferrer noopener\">Beschreibung der Veranstaltung<\/a><\/div>\n<\/div>","protected":false},"excerpt":{"rendered":"<p>La journ\u00e9e commence aujourd&rsquo;hui \u00e0 Velenje (Velenie) en Slov\u00e9nie \ud83c\uddf8\ud83c\uddee avec la deuxi\u00e8me r\u00e9union du r\u00e9seau de villes Yo-Wo (Young Workforce &#8211; Youth and Gender Equality for Europe`s Welfare) o\u00f9 nous partagerons nos exp\u00e9riences et nos bonnes pratiques en mati\u00e8re de projets pour la jeunesse. Parmi les activit\u00e9s de cet \u00e9v\u00e9nement de deux jours, nous [&hellip;]<\/p>\n","protected":false},"author":4,"featured_media":3298,"comment_status":"closed","ping_status":"open","sticky":false,"template":"","format":"standard","meta":{"_acf_changed":false,"footnotes":""},"categories":[22],"tags":[76],"class_list":["post-3300","post","type-post","status-publish","format-standard","has-post-thumbnail","hentry","category-proj-en-cours","tag-yo-wo"],"acf":[],"yoast_head":"<!-- This site is optimized with the Yoast SEO plugin v27.4 - https:\/\/yoast.com\/product\/yoast-seo-wordpress\/ -->\n<title>Yo-Wo - Avril 2023 - Association Jean Monnet<\/title>\n<meta name=\"description\" content=\"Association Jean Monnet Projets Yo-Wo - Avril 2023\" \/>\n<meta name=\"robots\" content=\"index, follow, max-snippet:-1, max-image-preview:large, max-video-preview:-1\" \/>\n<link rel=\"canonical\" href=\"https:\/\/ajmonnet.eu\/de\/yo-wo-avril-2023\/\" \/>\n<meta property=\"og:locale\" content=\"de_DE\" \/>\n<meta property=\"og:type\" content=\"article\" \/>\n<meta property=\"og:title\" content=\"Yo-Wo - Avril 2023 - Association Jean Monnet\" \/>\n<meta property=\"og:description\" content=\"Association Jean Monnet Projets Yo-Wo - Avril 2023\" \/>\n<meta property=\"og:url\" content=\"https:\/\/ajmonnet.eu\/de\/yo-wo-avril-2023\/\" \/>\n<meta property=\"og:site_name\" content=\"Association Jean Monnet\" \/>\n<meta property=\"article:publisher\" content=\"https:\/\/www.facebook.com\/associationjeanmonnet\" \/>\n<meta property=\"article:published_time\" content=\"2023-04-21T15:04:00+00:00\" \/>\n<meta property=\"article:modified_time\" content=\"2025-07-29T09:44:49+00:00\" \/>\n<meta property=\"og:image\" content=\"https:\/\/ajmonnet.eu\/wp-content\/uploads\/2023\/03\/Oficial-Logo-Yo-Wo-Copie.jpg\" \/>\n\t<meta property=\"og:image:width\" content=\"300\" \/>\n\t<meta property=\"og:image:height\" content=\"300\" \/>\n\t<meta property=\"og:image:type\" content=\"image\/jpeg\" \/>\n<meta name=\"author\" content=\"Fabien Chevalier\" \/>\n<meta name=\"twitter:card\" content=\"summary_large_image\" \/>\n<meta name=\"twitter:creator\" content=\"@AJMonnet\" \/>\n<meta name=\"twitter:site\" content=\"@AJMonnet\" \/>\n<meta name=\"twitter:label1\" content=\"Verfasst von\" \/>\n\t<meta name=\"twitter:data1\" content=\"Fabien Chevalier\" \/>\n\t<meta name=\"twitter:label2\" content=\"Gesch\u00e4tzte Lesezeit\" \/>\n\t<meta name=\"twitter:data2\" content=\"3\u00a0Minuten\" \/>\n<script type=\"application\/ld+json\" class=\"yoast-schema-graph\">{\"@context\":\"https:\\\/\\\/schema.org\",\"@graph\":[{\"@type\":\"Article\",\"@id\":\"https:\\\/\\\/ajmonnet.eu\\\/yo-wo-avril-2023\\\/#article\",\"isPartOf\":{\"@id\":\"https:\\\/\\\/ajmonnet.eu\\\/yo-wo-avril-2023\\\/\"},\"author\":{\"name\":\"Fabien Chevalier\",\"@id\":\"https:\\\/\\\/ajmonnet.eu\\\/#\\\/schema\\\/person\\\/d75372ee9efa1f5270aae02e9a833f25\"},\"headline\":\"Yo-Wo &#8211; Avril 2023\",\"datePublished\":\"2023-04-21T15:04:00+00:00\",\"dateModified\":\"2025-07-29T09:44:49+00:00\",\"mainEntityOfPage\":{\"@id\":\"https:\\\/\\\/ajmonnet.eu\\\/yo-wo-avril-2023\\\/\"},\"wordCount\":384,\"publisher\":{\"@id\":\"https:\\\/\\\/ajmonnet.eu\\\/#organization\"},\"image\":{\"@id\":\"https:\\\/\\\/ajmonnet.eu\\\/yo-wo-avril-2023\\\/#primaryimage\"},\"thumbnailUrl\":\"https:\\\/\\\/ajmonnet.eu\\\/wp-content\\\/uploads\\\/2023\\\/03\\\/Oficial-Logo-Yo-Wo-Copie.jpg\",\"keywords\":[\"Yo-Wo\"],\"articleSection\":[\"Projets\"],\"inLanguage\":\"de\"},{\"@type\":\"WebPage\",\"@id\":\"https:\\\/\\\/ajmonnet.eu\\\/yo-wo-avril-2023\\\/\",\"url\":\"https:\\\/\\\/ajmonnet.eu\\\/yo-wo-avril-2023\\\/\",\"name\":\"Yo-Wo - Avril 2023 - Association Jean Monnet\",\"isPartOf\":{\"@id\":\"https:\\\/\\\/ajmonnet.eu\\\/#website\"},\"primaryImageOfPage\":{\"@id\":\"https:\\\/\\\/ajmonnet.eu\\\/yo-wo-avril-2023\\\/#primaryimage\"},\"image\":{\"@id\":\"https:\\\/\\\/ajmonnet.eu\\\/yo-wo-avril-2023\\\/#primaryimage\"},\"thumbnailUrl\":\"https:\\\/\\\/ajmonnet.eu\\\/wp-content\\\/uploads\\\/2023\\\/03\\\/Oficial-Logo-Yo-Wo-Copie.jpg\",\"datePublished\":\"2023-04-21T15:04:00+00:00\",\"dateModified\":\"2025-07-29T09:44:49+00:00\",\"description\":\"Association Jean Monnet Projets Yo-Wo - Avril 2023\",\"breadcrumb\":{\"@id\":\"https:\\\/\\\/ajmonnet.eu\\\/yo-wo-avril-2023\\\/#breadcrumb\"},\"inLanguage\":\"de\",\"potentialAction\":[{\"@type\":\"ReadAction\",\"target\":[\"https:\\\/\\\/ajmonnet.eu\\\/yo-wo-avril-2023\\\/\"]}]},{\"@type\":\"ImageObject\",\"inLanguage\":\"de\",\"@id\":\"https:\\\/\\\/ajmonnet.eu\\\/yo-wo-avril-2023\\\/#primaryimage\",\"url\":\"https:\\\/\\\/ajmonnet.eu\\\/wp-content\\\/uploads\\\/2023\\\/03\\\/Oficial-Logo-Yo-Wo-Copie.jpg\",\"contentUrl\":\"https:\\\/\\\/ajmonnet.eu\\\/wp-content\\\/uploads\\\/2023\\\/03\\\/Oficial-Logo-Yo-Wo-Copie.jpg\",\"width\":300,\"height\":300},{\"@type\":\"BreadcrumbList\",\"@id\":\"https:\\\/\\\/ajmonnet.eu\\\/yo-wo-avril-2023\\\/#breadcrumb\",\"itemListElement\":[{\"@type\":\"ListItem\",\"position\":1,\"name\":\"Home\",\"item\":\"https:\\\/\\\/ajmonnet.eu\\\/\"},{\"@type\":\"ListItem\",\"position\":2,\"name\":\"Yo-Wo &#8211; Avril 2023\"}]},{\"@type\":\"WebSite\",\"@id\":\"https:\\\/\\\/ajmonnet.eu\\\/#website\",\"url\":\"https:\\\/\\\/ajmonnet.eu\\\/\",\"name\":\"Association Jean Monnet\",\"description\":\"Faire vivre au temps pr\u00e9sent les id\u00e9es europ\u00e9ennes de Jean Monnet\",\"publisher\":{\"@id\":\"https:\\\/\\\/ajmonnet.eu\\\/#organization\"},\"alternateName\":\"AJM\",\"potentialAction\":[{\"@type\":\"SearchAction\",\"target\":{\"@type\":\"EntryPoint\",\"urlTemplate\":\"https:\\\/\\\/ajmonnet.eu\\\/?s={search_term_string}\"},\"query-input\":{\"@type\":\"PropertyValueSpecification\",\"valueRequired\":true,\"valueName\":\"search_term_string\"}}],\"inLanguage\":\"de\"},{\"@type\":\"Organization\",\"@id\":\"https:\\\/\\\/ajmonnet.eu\\\/#organization\",\"name\":\"ASSOCIATION JEAN MONNET\",\"alternateName\":\"AJM\",\"url\":\"https:\\\/\\\/ajmonnet.eu\\\/\",\"logo\":{\"@type\":\"ImageObject\",\"inLanguage\":\"de\",\"@id\":\"https:\\\/\\\/ajmonnet.eu\\\/#\\\/schema\\\/logo\\\/image\\\/\",\"url\":\"https:\\\/\\\/ajmonnet.eu\\\/wp-content\\\/uploads\\\/2022\\\/04\\\/AJM-Logo-Color.png\",\"contentUrl\":\"https:\\\/\\\/ajmonnet.eu\\\/wp-content\\\/uploads\\\/2022\\\/04\\\/AJM-Logo-Color.png\",\"width\":386,\"height\":241,\"caption\":\"ASSOCIATION JEAN MONNET\"},\"image\":{\"@id\":\"https:\\\/\\\/ajmonnet.eu\\\/#\\\/schema\\\/logo\\\/image\\\/\"},\"sameAs\":[\"https:\\\/\\\/www.facebook.com\\\/associationjeanmonnet\",\"https:\\\/\\\/x.com\\\/AJMonnet\",\"https:\\\/\\\/www.linkedin.com\\\/company\\\/association-jean-monnet\",\"https:\\\/\\\/bsky.app\\\/profile\\\/ajeanmonnet.bsky.social\"]},{\"@type\":\"Person\",\"@id\":\"https:\\\/\\\/ajmonnet.eu\\\/#\\\/schema\\\/person\\\/d75372ee9efa1f5270aae02e9a833f25\",\"name\":\"Fabien Chevalier\",\"image\":{\"@type\":\"ImageObject\",\"inLanguage\":\"de\",\"@id\":\"https:\\\/\\\/secure.gravatar.com\\\/avatar\\\/ef28d1335a652add1f9c6fafcff2220c35588481f5a058a85b1351c0cf3dadbe?s=96&d=mm&r=g\",\"url\":\"https:\\\/\\\/secure.gravatar.com\\\/avatar\\\/ef28d1335a652add1f9c6fafcff2220c35588481f5a058a85b1351c0cf3dadbe?s=96&d=mm&r=g\",\"contentUrl\":\"https:\\\/\\\/secure.gravatar.com\\\/avatar\\\/ef28d1335a652add1f9c6fafcff2220c35588481f5a058a85b1351c0cf3dadbe?s=96&d=mm&r=g\",\"caption\":\"Fabien Chevalier\"},\"url\":\"https:\\\/\\\/ajmonnet.eu\\\/de\\\/author\\\/fabi-chev\\\/\"}]}<\/script>\n<!-- \/ Yoast SEO plugin. -->","yoast_head_json":{"title":"Yo-Wo - Avril 2023 - Association Jean Monnet","description":"Association Jean Monnet Projets Yo-Wo - Avril 2023","robots":{"index":"index","follow":"follow","max-snippet":"max-snippet:-1","max-image-preview":"max-image-preview:large","max-video-preview":"max-video-preview:-1"},"canonical":"https:\/\/ajmonnet.eu\/de\/yo-wo-avril-2023\/","og_locale":"de_DE","og_type":"article","og_title":"Yo-Wo - Avril 2023 - Association Jean Monnet","og_description":"Association Jean Monnet Projets Yo-Wo - Avril 2023","og_url":"https:\/\/ajmonnet.eu\/de\/yo-wo-avril-2023\/","og_site_name":"Association Jean Monnet","article_publisher":"https:\/\/www.facebook.com\/associationjeanmonnet","article_published_time":"2023-04-21T15:04:00+00:00","article_modified_time":"2025-07-29T09:44:49+00:00","og_image":[{"width":300,"height":300,"url":"https:\/\/ajmonnet.eu\/wp-content\/uploads\/2023\/03\/Oficial-Logo-Yo-Wo-Copie.jpg","type":"image\/jpeg"}],"author":"Fabien Chevalier","twitter_card":"summary_large_image","twitter_creator":"@AJMonnet","twitter_site":"@AJMonnet","twitter_misc":{"Verfasst von":"Fabien Chevalier","Gesch\u00e4tzte Lesezeit":"3\u00a0Minuten"},"schema":{"@context":"https:\/\/schema.org","@graph":[{"@type":"Article","@id":"https:\/\/ajmonnet.eu\/yo-wo-avril-2023\/#article","isPartOf":{"@id":"https:\/\/ajmonnet.eu\/yo-wo-avril-2023\/"},"author":{"name":"Fabien Chevalier","@id":"https:\/\/ajmonnet.eu\/#\/schema\/person\/d75372ee9efa1f5270aae02e9a833f25"},"headline":"Yo-Wo &#8211; Avril 2023","datePublished":"2023-04-21T15:04:00+00:00","dateModified":"2025-07-29T09:44:49+00:00","mainEntityOfPage":{"@id":"https:\/\/ajmonnet.eu\/yo-wo-avril-2023\/"},"wordCount":384,"publisher":{"@id":"https:\/\/ajmonnet.eu\/#organization"},"image":{"@id":"https:\/\/ajmonnet.eu\/yo-wo-avril-2023\/#primaryimage"},"thumbnailUrl":"https:\/\/ajmonnet.eu\/wp-content\/uploads\/2023\/03\/Oficial-Logo-Yo-Wo-Copie.jpg","keywords":["Yo-Wo"],"articleSection":["Projets"],"inLanguage":"de"},{"@type":"WebPage","@id":"https:\/\/ajmonnet.eu\/yo-wo-avril-2023\/","url":"https:\/\/ajmonnet.eu\/yo-wo-avril-2023\/","name":"Yo-Wo - Avril 2023 - Association Jean Monnet","isPartOf":{"@id":"https:\/\/ajmonnet.eu\/#website"},"primaryImageOfPage":{"@id":"https:\/\/ajmonnet.eu\/yo-wo-avril-2023\/#primaryimage"},"image":{"@id":"https:\/\/ajmonnet.eu\/yo-wo-avril-2023\/#primaryimage"},"thumbnailUrl":"https:\/\/ajmonnet.eu\/wp-content\/uploads\/2023\/03\/Oficial-Logo-Yo-Wo-Copie.jpg","datePublished":"2023-04-21T15:04:00+00:00","dateModified":"2025-07-29T09:44:49+00:00","description":"Association Jean Monnet Projets Yo-Wo - Avril 2023","breadcrumb":{"@id":"https:\/\/ajmonnet.eu\/yo-wo-avril-2023\/#breadcrumb"},"inLanguage":"de","potentialAction":[{"@type":"ReadAction","target":["https:\/\/ajmonnet.eu\/yo-wo-avril-2023\/"]}]},{"@type":"ImageObject","inLanguage":"de","@id":"https:\/\/ajmonnet.eu\/yo-wo-avril-2023\/#primaryimage","url":"https:\/\/ajmonnet.eu\/wp-content\/uploads\/2023\/03\/Oficial-Logo-Yo-Wo-Copie.jpg","contentUrl":"https:\/\/ajmonnet.eu\/wp-content\/uploads\/2023\/03\/Oficial-Logo-Yo-Wo-Copie.jpg","width":300,"height":300},{"@type":"BreadcrumbList","@id":"https:\/\/ajmonnet.eu\/yo-wo-avril-2023\/#breadcrumb","itemListElement":[{"@type":"ListItem","position":1,"name":"Home","item":"https:\/\/ajmonnet.eu\/"},{"@type":"ListItem","position":2,"name":"Yo-Wo &#8211; Avril 2023"}]},{"@type":"WebSite","@id":"https:\/\/ajmonnet.eu\/#website","url":"https:\/\/ajmonnet.eu\/","name":"Jean-Monnet-Vereinigung","description":"Die europ\u00e4ischen Ideen von Jean Monnet in der heutigen Zeit weiterleben lassen","publisher":{"@id":"https:\/\/ajmonnet.eu\/#organization"},"alternateName":"AJM","potentialAction":[{"@type":"SearchAction","target":{"@type":"EntryPoint","urlTemplate":"https:\/\/ajmonnet.eu\/?s={search_term_string}"},"query-input":{"@type":"PropertyValueSpecification","valueRequired":true,"valueName":"search_term_string"}}],"inLanguage":"de"},{"@type":"Organization","@id":"https:\/\/ajmonnet.eu\/#organization","name":"VEREIN JEAN MONNET","alternateName":"AJM","url":"https:\/\/ajmonnet.eu\/","logo":{"@type":"ImageObject","inLanguage":"de","@id":"https:\/\/ajmonnet.eu\/#\/schema\/logo\/image\/","url":"https:\/\/ajmonnet.eu\/wp-content\/uploads\/2022\/04\/AJM-Logo-Color.png","contentUrl":"https:\/\/ajmonnet.eu\/wp-content\/uploads\/2022\/04\/AJM-Logo-Color.png","width":386,"height":241,"caption":"ASSOCIATION JEAN MONNET"},"image":{"@id":"https:\/\/ajmonnet.eu\/#\/schema\/logo\/image\/"},"sameAs":["https:\/\/www.facebook.com\/associationjeanmonnet","https:\/\/x.com\/AJMonnet","https:\/\/www.linkedin.com\/company\/association-jean-monnet","https:\/\/bsky.app\/profile\/ajeanmonnet.bsky.social"]},{"@type":"Person","@id":"https:\/\/ajmonnet.eu\/#\/schema\/person\/d75372ee9efa1f5270aae02e9a833f25","name":"Fabien Chevalier","image":{"@type":"ImageObject","inLanguage":"de","@id":"https:\/\/secure.gravatar.com\/avatar\/ef28d1335a652add1f9c6fafcff2220c35588481f5a058a85b1351c0cf3dadbe?s=96&d=mm&r=g","url":"https:\/\/secure.gravatar.com\/avatar\/ef28d1335a652add1f9c6fafcff2220c35588481f5a058a85b1351c0cf3dadbe?s=96&d=mm&r=g","contentUrl":"https:\/\/secure.gravatar.com\/avatar\/ef28d1335a652add1f9c6fafcff2220c35588481f5a058a85b1351c0cf3dadbe?s=96&d=mm&r=g","caption":"Fabien Chevalier"},"url":"https:\/\/ajmonnet.eu\/de\/author\/fabi-chev\/"}]}},"_links":{"self":[{"href":"https:\/\/ajmonnet.eu\/de\/wp-json\/wp\/v2\/posts\/3300","targetHints":{"allow":["GET"]}}],"collection":[{"href":"https:\/\/ajmonnet.eu\/de\/wp-json\/wp\/v2\/posts"}],"about":[{"href":"https:\/\/ajmonnet.eu\/de\/wp-json\/wp\/v2\/types\/post"}],"author":[{"embeddable":true,"href":"https:\/\/ajmonnet.eu\/de\/wp-json\/wp\/v2\/users\/4"}],"replies":[{"embeddable":true,"href":"https:\/\/ajmonnet.eu\/de\/wp-json\/wp\/v2\/comments?post=3300"}],"version-history":[{"count":6,"href":"https:\/\/ajmonnet.eu\/de\/wp-json\/wp\/v2\/posts\/3300\/revisions"}],"predecessor-version":[{"id":3904,"href":"https:\/\/ajmonnet.eu\/de\/wp-json\/wp\/v2\/posts\/3300\/revisions\/3904"}],"wp:featuredmedia":[{"embeddable":true,"href":"https:\/\/ajmonnet.eu\/de\/wp-json\/wp\/v2\/media\/3298"}],"wp:attachment":[{"href":"https:\/\/ajmonnet.eu\/de\/wp-json\/wp\/v2\/media?parent=3300"}],"wp:term":[{"taxonomy":"category","embeddable":true,"href":"https:\/\/ajmonnet.eu\/de\/wp-json\/wp\/v2\/categories?post=3300"},{"taxonomy":"post_tag","embeddable":true,"href":"https:\/\/ajmonnet.eu\/de\/wp-json\/wp\/v2\/tags?post=3300"}],"curies":[{"name":"wp","href":"https:\/\/api.w.org\/{rel}","templated":true}]}}