{"id":3827,"date":"2024-07-15T15:09:38","date_gmt":"2024-07-15T13:09:38","guid":{"rendered":"https:\/\/ajmonnet.eu\/?p=3827"},"modified":"2025-07-29T11:45:48","modified_gmt":"2025-07-29T09:45:48","slug":"adhesion-au-mouvement-europeen-france","status":"publish","type":"post","link":"http:\/\/ajmonnet.eu\/de\/adhesion-au-mouvement-europeen-france\/","title":{"rendered":"Mitgliedschaft in der Europ\u00e4ischen Bewegung Frankreich"},"content":{"rendered":"<p>Unsere europ\u00e4ischen Freunde sind immer wieder erstaunt \u00fcber die Neigung der Franzosen, der Spaltung den Vorzug vor der Sammlung zu geben. Dies gilt f\u00fcr politische Parteien, Gewerkschaften oder das Vereinswesen.<\/p>\n\n\n\n<p>In Frankreich gibt es eine F\u00fclle von allem, was auf Kosten der Effizienz geht.<\/p>\n\n\n\n<div class=\"wp-block-columns is-layout-flex wp-container-core-columns-is-layout-9d6595d7 wp-block-columns-is-layout-flex\">\n<div class=\"wp-block-column is-layout-flow wp-block-column-is-layout-flow\"><div class=\"wp-block-image\">\n<figure class=\"aligncenter size-full\"><img loading=\"lazy\" decoding=\"async\" width=\"194\" height=\"86\" src=\"http:\/\/ajmonnet.eu\/wp-content\/uploads\/2024\/10\/mepf-1.png\" alt=\"\" class=\"wp-image-3828\" srcset=\"https:\/\/ajmonnet.eu\/wp-content\/uploads\/2024\/10\/mepf-1.png 194w, https:\/\/ajmonnet.eu\/wp-content\/uploads\/2024\/10\/mepf-1-18x8.png 18w\" sizes=\"auto, (max-width: 194px) 100vw, 194px\" \/><\/figure>\n<\/div><\/div>\n\n\n\n<div class=\"wp-block-column is-layout-flow wp-block-column-is-layout-flow\">\n<p>Aus diesem Grund, da sich der Sitz unseres Verbandes in Frankreich befindet und obwohl viele Vorstandsmitglieder keine Franzosen sind, haben wir uns entschlossen, dem <a href=\"https:\/\/mouvement-europeen.eu\/associations-nationales-membres\/\" target=\"_blank\" rel=\"noreferrer noopener\">Europ\u00e4ische Bewegung Franken<\/a><a href=\"https:\/\/mouvement-europeen.eu\/associations-nationales-membres\/\">e<\/a> um dazu beizutragen, ihm zu helfen, sich zu entwickeln und so mehr Einfluss zu haben, da die Bedrohungen f\u00fcr Europa immer st\u00e4rker werden.\u00a0<\/p>\n<\/div>\n<\/div>\n\n\n\n<p><\/p>\n\n\n\n<p><\/p>","protected":false},"excerpt":{"rendered":"<p>Nos amis europ\u00e9ens sont toujours \u00e9tonn\u00e9s par la propension des fran\u00e7ais \u00e0 privil\u00e9gier la division au d\u00e9triment du rassemblement. Cela est vrai pour les partis politiques, les syndicats ou le monde associatif. En France il y a profusion de tout au d\u00e9triment de l&rsquo;efficacit\u00e9. C&rsquo;est la raison pour laquelle consid\u00e9rant que le si\u00e8ge de notre [&hellip;]<\/p>\n","protected":false},"author":4,"featured_media":1115,"comment_status":"closed","ping_status":"open","sticky":false,"template":"","format":"standard","meta":{"_acf_changed":false,"footnotes":""},"categories":[58],"tags":[6],"class_list":["post-3827","post","type-post","status-publish","format-standard","has-post-thumbnail","hentry","category-instances","tag-europe"],"acf":[],"yoast_head":"<!-- This site is optimized with the Yoast SEO plugin v27.4 - https:\/\/yoast.com\/product\/yoast-seo-wordpress\/ -->\n<title>Adh\u00e9sion au Mouvement Europ\u00e9en France - Association Jean Monnet<\/title>\n<meta name=\"description\" content=\"Association Jean Monnet Adh\u00e9sion au Mouvement Europ\u00e9en France\" \/>\n<meta name=\"robots\" content=\"index, follow, max-snippet:-1, max-image-preview:large, max-video-preview:-1\" \/>\n<link rel=\"canonical\" href=\"https:\/\/ajmonnet.eu\/de\/adhesion-au-mouvement-europeen-france\/\" \/>\n<meta property=\"og:locale\" content=\"de_DE\" \/>\n<meta property=\"og:type\" content=\"article\" \/>\n<meta property=\"og:title\" content=\"Adh\u00e9sion au Mouvement Europ\u00e9en France - Association Jean Monnet\" \/>\n<meta property=\"og:description\" content=\"Association Jean Monnet Adh\u00e9sion au Mouvement Europ\u00e9en France\" \/>\n<meta property=\"og:url\" content=\"https:\/\/ajmonnet.eu\/de\/adhesion-au-mouvement-europeen-france\/\" \/>\n<meta property=\"og:site_name\" content=\"Association Jean Monnet\" \/>\n<meta property=\"article:publisher\" content=\"https:\/\/www.facebook.com\/associationjeanmonnet\" \/>\n<meta property=\"article:published_time\" content=\"2024-07-15T13:09:38+00:00\" \/>\n<meta property=\"article:modified_time\" content=\"2025-07-29T09:45:48+00:00\" \/>\n<meta property=\"og:image\" content=\"https:\/\/ajmonnet.eu\/wp-content\/uploads\/2022\/04\/log_lettre.png\" \/>\n\t<meta property=\"og:image:width\" content=\"579\" \/>\n\t<meta property=\"og:image:height\" content=\"318\" \/>\n\t<meta property=\"og:image:type\" content=\"image\/png\" \/>\n<meta name=\"author\" content=\"Fabien Chevalier\" \/>\n<meta name=\"twitter:card\" content=\"summary_large_image\" \/>\n<meta name=\"twitter:creator\" content=\"@AJMonnet\" \/>\n<meta name=\"twitter:site\" content=\"@AJMonnet\" \/>\n<meta name=\"twitter:label1\" content=\"Verfasst von\" \/>\n\t<meta name=\"twitter:data1\" content=\"Fabien Chevalier\" \/>\n\t<meta name=\"twitter:label2\" content=\"Gesch\u00e4tzte Lesezeit\" \/>\n\t<meta name=\"twitter:data2\" content=\"1\u00a0Minute\" \/>\n<script type=\"application\/ld+json\" class=\"yoast-schema-graph\">{\"@context\":\"https:\\\/\\\/schema.org\",\"@graph\":[{\"@type\":\"Article\",\"@id\":\"https:\\\/\\\/ajmonnet.eu\\\/adhesion-au-mouvement-europeen-france\\\/#article\",\"isPartOf\":{\"@id\":\"https:\\\/\\\/ajmonnet.eu\\\/adhesion-au-mouvement-europeen-france\\\/\"},\"author\":{\"name\":\"Fabien Chevalier\",\"@id\":\"https:\\\/\\\/ajmonnet.eu\\\/#\\\/schema\\\/person\\\/d75372ee9efa1f5270aae02e9a833f25\"},\"headline\":\"Adh\u00e9sion au Mouvement Europ\u00e9en France\",\"datePublished\":\"2024-07-15T13:09:38+00:00\",\"dateModified\":\"2025-07-29T09:45:48+00:00\",\"mainEntityOfPage\":{\"@id\":\"https:\\\/\\\/ajmonnet.eu\\\/adhesion-au-mouvement-europeen-france\\\/\"},\"wordCount\":125,\"publisher\":{\"@id\":\"https:\\\/\\\/ajmonnet.eu\\\/#organization\"},\"image\":{\"@id\":\"https:\\\/\\\/ajmonnet.eu\\\/adhesion-au-mouvement-europeen-france\\\/#primaryimage\"},\"thumbnailUrl\":\"https:\\\/\\\/ajmonnet.eu\\\/wp-content\\\/uploads\\\/2022\\\/04\\\/log_lettre.png\",\"keywords\":[\"Europe\"],\"articleSection\":[\"Instances\"],\"inLanguage\":\"de\"},{\"@type\":\"WebPage\",\"@id\":\"https:\\\/\\\/ajmonnet.eu\\\/adhesion-au-mouvement-europeen-france\\\/\",\"url\":\"https:\\\/\\\/ajmonnet.eu\\\/adhesion-au-mouvement-europeen-france\\\/\",\"name\":\"Adh\u00e9sion au Mouvement Europ\u00e9en France - Association Jean Monnet\",\"isPartOf\":{\"@id\":\"https:\\\/\\\/ajmonnet.eu\\\/#website\"},\"primaryImageOfPage\":{\"@id\":\"https:\\\/\\\/ajmonnet.eu\\\/adhesion-au-mouvement-europeen-france\\\/#primaryimage\"},\"image\":{\"@id\":\"https:\\\/\\\/ajmonnet.eu\\\/adhesion-au-mouvement-europeen-france\\\/#primaryimage\"},\"thumbnailUrl\":\"https:\\\/\\\/ajmonnet.eu\\\/wp-content\\\/uploads\\\/2022\\\/04\\\/log_lettre.png\",\"datePublished\":\"2024-07-15T13:09:38+00:00\",\"dateModified\":\"2025-07-29T09:45:48+00:00\",\"description\":\"Association Jean Monnet Adh\u00e9sion au Mouvement Europ\u00e9en France\",\"breadcrumb\":{\"@id\":\"https:\\\/\\\/ajmonnet.eu\\\/adhesion-au-mouvement-europeen-france\\\/#breadcrumb\"},\"inLanguage\":\"de\",\"potentialAction\":[{\"@type\":\"ReadAction\",\"target\":[\"https:\\\/\\\/ajmonnet.eu\\\/adhesion-au-mouvement-europeen-france\\\/\"]}]},{\"@type\":\"ImageObject\",\"inLanguage\":\"de\",\"@id\":\"https:\\\/\\\/ajmonnet.eu\\\/adhesion-au-mouvement-europeen-france\\\/#primaryimage\",\"url\":\"https:\\\/\\\/ajmonnet.eu\\\/wp-content\\\/uploads\\\/2022\\\/04\\\/log_lettre.png\",\"contentUrl\":\"https:\\\/\\\/ajmonnet.eu\\\/wp-content\\\/uploads\\\/2022\\\/04\\\/log_lettre.png\",\"width\":579,\"height\":318},{\"@type\":\"BreadcrumbList\",\"@id\":\"https:\\\/\\\/ajmonnet.eu\\\/adhesion-au-mouvement-europeen-france\\\/#breadcrumb\",\"itemListElement\":[{\"@type\":\"ListItem\",\"position\":1,\"name\":\"Home\",\"item\":\"https:\\\/\\\/ajmonnet.eu\\\/\"},{\"@type\":\"ListItem\",\"position\":2,\"name\":\"Adh\u00e9sion au Mouvement Europ\u00e9en France\"}]},{\"@type\":\"WebSite\",\"@id\":\"https:\\\/\\\/ajmonnet.eu\\\/#website\",\"url\":\"https:\\\/\\\/ajmonnet.eu\\\/\",\"name\":\"Association Jean Monnet\",\"description\":\"Faire vivre au temps pr\u00e9sent les id\u00e9es europ\u00e9ennes de Jean Monnet\",\"publisher\":{\"@id\":\"https:\\\/\\\/ajmonnet.eu\\\/#organization\"},\"alternateName\":\"AJM\",\"potentialAction\":[{\"@type\":\"SearchAction\",\"target\":{\"@type\":\"EntryPoint\",\"urlTemplate\":\"https:\\\/\\\/ajmonnet.eu\\\/?s={search_term_string}\"},\"query-input\":{\"@type\":\"PropertyValueSpecification\",\"valueRequired\":true,\"valueName\":\"search_term_string\"}}],\"inLanguage\":\"de\"},{\"@type\":\"Organization\",\"@id\":\"https:\\\/\\\/ajmonnet.eu\\\/#organization\",\"name\":\"ASSOCIATION JEAN MONNET\",\"alternateName\":\"AJM\",\"url\":\"https:\\\/\\\/ajmonnet.eu\\\/\",\"logo\":{\"@type\":\"ImageObject\",\"inLanguage\":\"de\",\"@id\":\"https:\\\/\\\/ajmonnet.eu\\\/#\\\/schema\\\/logo\\\/image\\\/\",\"url\":\"https:\\\/\\\/ajmonnet.eu\\\/wp-content\\\/uploads\\\/2022\\\/04\\\/AJM-Logo-Color.png\",\"contentUrl\":\"https:\\\/\\\/ajmonnet.eu\\\/wp-content\\\/uploads\\\/2022\\\/04\\\/AJM-Logo-Color.png\",\"width\":386,\"height\":241,\"caption\":\"ASSOCIATION JEAN MONNET\"},\"image\":{\"@id\":\"https:\\\/\\\/ajmonnet.eu\\\/#\\\/schema\\\/logo\\\/image\\\/\"},\"sameAs\":[\"https:\\\/\\\/www.facebook.com\\\/associationjeanmonnet\",\"https:\\\/\\\/x.com\\\/AJMonnet\",\"https:\\\/\\\/www.linkedin.com\\\/company\\\/association-jean-monnet\",\"https:\\\/\\\/bsky.app\\\/profile\\\/ajeanmonnet.bsky.social\"]},{\"@type\":\"Person\",\"@id\":\"https:\\\/\\\/ajmonnet.eu\\\/#\\\/schema\\\/person\\\/d75372ee9efa1f5270aae02e9a833f25\",\"name\":\"Fabien Chevalier\",\"image\":{\"@type\":\"ImageObject\",\"inLanguage\":\"de\",\"@id\":\"https:\\\/\\\/secure.gravatar.com\\\/avatar\\\/ef28d1335a652add1f9c6fafcff2220c35588481f5a058a85b1351c0cf3dadbe?s=96&d=mm&r=g\",\"url\":\"https:\\\/\\\/secure.gravatar.com\\\/avatar\\\/ef28d1335a652add1f9c6fafcff2220c35588481f5a058a85b1351c0cf3dadbe?s=96&d=mm&r=g\",\"contentUrl\":\"https:\\\/\\\/secure.gravatar.com\\\/avatar\\\/ef28d1335a652add1f9c6fafcff2220c35588481f5a058a85b1351c0cf3dadbe?s=96&d=mm&r=g\",\"caption\":\"Fabien Chevalier\"},\"url\":\"http:\\\/\\\/ajmonnet.eu\\\/de\\\/author\\\/fabi-chev\\\/\"}]}<\/script>\n<!-- \/ Yoast SEO plugin. -->","yoast_head_json":{"title":"Adh\u00e9sion au Mouvement Europ\u00e9en France - Association Jean Monnet","description":"Association Jean Monnet Adh\u00e9sion au Mouvement Europ\u00e9en France","robots":{"index":"index","follow":"follow","max-snippet":"max-snippet:-1","max-image-preview":"max-image-preview:large","max-video-preview":"max-video-preview:-1"},"canonical":"https:\/\/ajmonnet.eu\/de\/adhesion-au-mouvement-europeen-france\/","og_locale":"de_DE","og_type":"article","og_title":"Adh\u00e9sion au Mouvement Europ\u00e9en France - Association Jean Monnet","og_description":"Association Jean Monnet Adh\u00e9sion au Mouvement Europ\u00e9en France","og_url":"https:\/\/ajmonnet.eu\/de\/adhesion-au-mouvement-europeen-france\/","og_site_name":"Association Jean Monnet","article_publisher":"https:\/\/www.facebook.com\/associationjeanmonnet","article_published_time":"2024-07-15T13:09:38+00:00","article_modified_time":"2025-07-29T09:45:48+00:00","og_image":[{"width":579,"height":318,"url":"https:\/\/ajmonnet.eu\/wp-content\/uploads\/2022\/04\/log_lettre.png","type":"image\/png"}],"author":"Fabien Chevalier","twitter_card":"summary_large_image","twitter_creator":"@AJMonnet","twitter_site":"@AJMonnet","twitter_misc":{"Verfasst von":"Fabien Chevalier","Gesch\u00e4tzte Lesezeit":"1\u00a0Minute"},"schema":{"@context":"https:\/\/schema.org","@graph":[{"@type":"Article","@id":"https:\/\/ajmonnet.eu\/adhesion-au-mouvement-europeen-france\/#article","isPartOf":{"@id":"https:\/\/ajmonnet.eu\/adhesion-au-mouvement-europeen-france\/"},"author":{"name":"Fabien Chevalier","@id":"https:\/\/ajmonnet.eu\/#\/schema\/person\/d75372ee9efa1f5270aae02e9a833f25"},"headline":"Adh\u00e9sion au Mouvement Europ\u00e9en France","datePublished":"2024-07-15T13:09:38+00:00","dateModified":"2025-07-29T09:45:48+00:00","mainEntityOfPage":{"@id":"https:\/\/ajmonnet.eu\/adhesion-au-mouvement-europeen-france\/"},"wordCount":125,"publisher":{"@id":"https:\/\/ajmonnet.eu\/#organization"},"image":{"@id":"https:\/\/ajmonnet.eu\/adhesion-au-mouvement-europeen-france\/#primaryimage"},"thumbnailUrl":"https:\/\/ajmonnet.eu\/wp-content\/uploads\/2022\/04\/log_lettre.png","keywords":["Europe"],"articleSection":["Instances"],"inLanguage":"de"},{"@type":"WebPage","@id":"https:\/\/ajmonnet.eu\/adhesion-au-mouvement-europeen-france\/","url":"https:\/\/ajmonnet.eu\/adhesion-au-mouvement-europeen-france\/","name":"Adh\u00e9sion au Mouvement Europ\u00e9en France - Association Jean Monnet","isPartOf":{"@id":"https:\/\/ajmonnet.eu\/#website"},"primaryImageOfPage":{"@id":"https:\/\/ajmonnet.eu\/adhesion-au-mouvement-europeen-france\/#primaryimage"},"image":{"@id":"https:\/\/ajmonnet.eu\/adhesion-au-mouvement-europeen-france\/#primaryimage"},"thumbnailUrl":"https:\/\/ajmonnet.eu\/wp-content\/uploads\/2022\/04\/log_lettre.png","datePublished":"2024-07-15T13:09:38+00:00","dateModified":"2025-07-29T09:45:48+00:00","description":"Association Jean Monnet Adh\u00e9sion au Mouvement Europ\u00e9en France","breadcrumb":{"@id":"https:\/\/ajmonnet.eu\/adhesion-au-mouvement-europeen-france\/#breadcrumb"},"inLanguage":"de","potentialAction":[{"@type":"ReadAction","target":["https:\/\/ajmonnet.eu\/adhesion-au-mouvement-europeen-france\/"]}]},{"@type":"ImageObject","inLanguage":"de","@id":"https:\/\/ajmonnet.eu\/adhesion-au-mouvement-europeen-france\/#primaryimage","url":"https:\/\/ajmonnet.eu\/wp-content\/uploads\/2022\/04\/log_lettre.png","contentUrl":"https:\/\/ajmonnet.eu\/wp-content\/uploads\/2022\/04\/log_lettre.png","width":579,"height":318},{"@type":"BreadcrumbList","@id":"https:\/\/ajmonnet.eu\/adhesion-au-mouvement-europeen-france\/#breadcrumb","itemListElement":[{"@type":"ListItem","position":1,"name":"Home","item":"https:\/\/ajmonnet.eu\/"},{"@type":"ListItem","position":2,"name":"Adh\u00e9sion au Mouvement Europ\u00e9en France"}]},{"@type":"WebSite","@id":"https:\/\/ajmonnet.eu\/#website","url":"https:\/\/ajmonnet.eu\/","name":"Jean-Monnet-Vereinigung","description":"Die europ\u00e4ischen Ideen von Jean Monnet in der heutigen Zeit weiterleben lassen","publisher":{"@id":"https:\/\/ajmonnet.eu\/#organization"},"alternateName":"AJM","potentialAction":[{"@type":"SearchAction","target":{"@type":"EntryPoint","urlTemplate":"https:\/\/ajmonnet.eu\/?s={search_term_string}"},"query-input":{"@type":"PropertyValueSpecification","valueRequired":true,"valueName":"search_term_string"}}],"inLanguage":"de"},{"@type":"Organization","@id":"https:\/\/ajmonnet.eu\/#organization","name":"VEREIN JEAN MONNET","alternateName":"AJM","url":"https:\/\/ajmonnet.eu\/","logo":{"@type":"ImageObject","inLanguage":"de","@id":"https:\/\/ajmonnet.eu\/#\/schema\/logo\/image\/","url":"https:\/\/ajmonnet.eu\/wp-content\/uploads\/2022\/04\/AJM-Logo-Color.png","contentUrl":"https:\/\/ajmonnet.eu\/wp-content\/uploads\/2022\/04\/AJM-Logo-Color.png","width":386,"height":241,"caption":"ASSOCIATION JEAN MONNET"},"image":{"@id":"https:\/\/ajmonnet.eu\/#\/schema\/logo\/image\/"},"sameAs":["https:\/\/www.facebook.com\/associationjeanmonnet","https:\/\/x.com\/AJMonnet","https:\/\/www.linkedin.com\/company\/association-jean-monnet","https:\/\/bsky.app\/profile\/ajeanmonnet.bsky.social"]},{"@type":"Person","@id":"https:\/\/ajmonnet.eu\/#\/schema\/person\/d75372ee9efa1f5270aae02e9a833f25","name":"Fabien Chevalier","image":{"@type":"ImageObject","inLanguage":"de","@id":"https:\/\/secure.gravatar.com\/avatar\/ef28d1335a652add1f9c6fafcff2220c35588481f5a058a85b1351c0cf3dadbe?s=96&d=mm&r=g","url":"https:\/\/secure.gravatar.com\/avatar\/ef28d1335a652add1f9c6fafcff2220c35588481f5a058a85b1351c0cf3dadbe?s=96&d=mm&r=g","contentUrl":"https:\/\/secure.gravatar.com\/avatar\/ef28d1335a652add1f9c6fafcff2220c35588481f5a058a85b1351c0cf3dadbe?s=96&d=mm&r=g","caption":"Fabien Chevalier"},"url":"http:\/\/ajmonnet.eu\/de\/author\/fabi-chev\/"}]}},"_links":{"self":[{"href":"http:\/\/ajmonnet.eu\/de\/wp-json\/wp\/v2\/posts\/3827","targetHints":{"allow":["GET"]}}],"collection":[{"href":"http:\/\/ajmonnet.eu\/de\/wp-json\/wp\/v2\/posts"}],"about":[{"href":"http:\/\/ajmonnet.eu\/de\/wp-json\/wp\/v2\/types\/post"}],"author":[{"embeddable":true,"href":"http:\/\/ajmonnet.eu\/de\/wp-json\/wp\/v2\/users\/4"}],"replies":[{"embeddable":true,"href":"http:\/\/ajmonnet.eu\/de\/wp-json\/wp\/v2\/comments?post=3827"}],"version-history":[{"count":2,"href":"http:\/\/ajmonnet.eu\/de\/wp-json\/wp\/v2\/posts\/3827\/revisions"}],"predecessor-version":[{"id":3831,"href":"http:\/\/ajmonnet.eu\/de\/wp-json\/wp\/v2\/posts\/3827\/revisions\/3831"}],"wp:featuredmedia":[{"embeddable":true,"href":"http:\/\/ajmonnet.eu\/de\/wp-json\/wp\/v2\/media\/1115"}],"wp:attachment":[{"href":"http:\/\/ajmonnet.eu\/de\/wp-json\/wp\/v2\/media?parent=3827"}],"wp:term":[{"taxonomy":"category","embeddable":true,"href":"http:\/\/ajmonnet.eu\/de\/wp-json\/wp\/v2\/categories?post=3827"},{"taxonomy":"post_tag","embeddable":true,"href":"http:\/\/ajmonnet.eu\/de\/wp-json\/wp\/v2\/tags?post=3827"}],"curies":[{"name":"wp","href":"https:\/\/api.w.org\/{rel}","templated":true}]}}